{"id":20959,"date":"2025-03-10T12:24:15","date_gmt":"2025-03-10T15:24:15","guid":{"rendered":"https:\/\/redebeneditina.org.br\/isf\/?p=20959"},"modified":"2025-03-24T12:24:37","modified_gmt":"2025-03-24T15:24:37","slug":"campanha-da-fraternidade-2025-e-arrecadacao-de-alimentos","status":"publish","type":"post","link":"https:\/\/redebeneditina.org.br\/isf\/campanha-da-fraternidade-2025-e-arrecadacao-de-alimentos\/","title":{"rendered":"Campanha da Fraternidade 2025 e Arrecada\u00e7\u00e3o de Alimentos"},"content":{"rendered":"<p>No dia 27\/02, iniciamos a Campanha da Fraternidade 2025, um tempo de reflex\u00e3o e tamb\u00e9m de solidariedade.<\/p>\n<p>Este ano, nossos alunos tamb\u00e9m est\u00e3o engajados em uma miss\u00e3o especial: arrecadar alimentos para o Projeto Ciranda, ajudando quem mais precisa.<\/p>\n<p>Cada doa\u00e7\u00e3o \u00e9 um gesto de amor, juntos podemos fazer a diferen\u00e7a! Participe e transforme vidas.<\/p>\n<p>Confira o v\u00eddeo em nosso Instagram: <a href=\"https:\/\/www.instagram.com\/p\/DHCGDsZx0z5\/\">https:\/\/www.instagram.com\/p\/DHCGDsZx0z5\/<\/a><\/p>\n<p>&nbsp;<\/p>\n<p>&nbsp;<\/p>\n","protected":false},"excerpt":{"rendered":"<p>No dia 27\/02, iniciamos a Campanha da Fraternidade 2025, um tempo de reflex\u00e3o e tamb\u00e9m de solidariedade. Este ano, nossos alunos tamb\u00e9m est\u00e3o engajados em uma miss\u00e3o especial: arrecadar alimentos para o Projeto Ciranda, ajudando quem mais precisa. Cada doa\u00e7\u00e3o \u00e9 um gesto de amor, juntos podemos fazer a diferen\u00e7a! Participe e transforme vidas. Confira&#8230;<\/p>\n","protected":false},"author":4,"featured_media":20960,"comment_status":"closed","ping_status":"closed","sticky":false,"template":"","format":"standard","meta":{"_monsterinsights_skip_tracking":false,"_monsterinsights_sitenote_active":false,"_monsterinsights_sitenote_note":"","_monsterinsights_sitenote_category":0,"ngg_post_thumbnail":0,"footnotes":""},"categories":[107,88,89,90,91,82,94],"tags":[],"class_list":["post-20959","post","type-post","status-publish","format-standard","has-post-thumbnail","hentry","category-notcias-ano2025","category-ed-infantil","category-ens-fund_i","category-ens-fund_ii","category-ens-medio","category-noticias","category-pastoral-escolar"],"_links":{"self":[{"href":"https:\/\/redebeneditina.org.br\/isf\/wp-json\/wp\/v2\/posts\/20959","targetHints":{"allow":["GET"]}}],"collection":[{"href":"https:\/\/redebeneditina.org.br\/isf\/wp-json\/wp\/v2\/posts"}],"about":[{"href":"https:\/\/redebeneditina.org.br\/isf\/wp-json\/wp\/v2\/types\/post"}],"author":[{"embeddable":true,"href":"https:\/\/redebeneditina.org.br\/isf\/wp-json\/wp\/v2\/users\/4"}],"replies":[{"embeddable":true,"href":"https:\/\/redebeneditina.org.br\/isf\/wp-json\/wp\/v2\/comments?post=20959"}],"version-history":[{"count":0,"href":"https:\/\/redebeneditina.org.br\/isf\/wp-json\/wp\/v2\/posts\/20959\/revisions"}],"wp:featuredmedia":[{"embeddable":true,"href":"https:\/\/redebeneditina.org.br\/isf\/wp-json\/wp\/v2\/media\/20960"}],"wp:attachment":[{"href":"https:\/\/redebeneditina.org.br\/isf\/wp-json\/wp\/v2\/media?parent=20959"}],"wp:term":[{"taxonomy":"category","embeddable":true,"href":"https:\/\/redebeneditina.org.br\/isf\/wp-json\/wp\/v2\/categories?post=20959"},{"taxonomy":"post_tag","embeddable":true,"href":"https:\/\/redebeneditina.org.br\/isf\/wp-json\/wp\/v2\/tags?post=20959"}],"curies":[{"name":"wp","href":"https:\/\/api.w.org\/{rel}","templated":true}]}}