{"id":20977,"date":"2025-03-28T16:48:45","date_gmt":"2025-03-28T19:48:45","guid":{"rendered":"https:\/\/redebeneditina.org.br\/isf\/?p=20977"},"modified":"2025-04-01T18:27:38","modified_gmt":"2025-04-01T21:27:38","slug":"dia-do-circo-no-instituto-sagrada-familia","status":"publish","type":"post","link":"https:\/\/redebeneditina.org.br\/isf\/dia-do-circo-no-instituto-sagrada-familia\/","title":{"rendered":"Dia do Circo no Instituto Sagrada Fam\u00edlia"},"content":{"rendered":"<p>Hoje a magia do circo tomou conta da nossa educa\u00e7\u00e3o infantil!<\/p>\n<p>Entre risadas, cores e muita alegria, nossos pequenos artistas encantaram a todos com uma apresenta\u00e7\u00e3o cheia de encanto e divers\u00e3o.<\/p>\n<p>Viva o dia do circo!&nbsp;<\/p>\n<p>ngg_shortcode_0_placeholderConfira o v\u00eddeo no nosso Instagram: <a href=\"https:\/\/www.instagram.com\/p\/DHt1321xLbr\/\">https:\/\/www.instagram.com\/p\/DHt1321xLbr\/<\/a><\/p>\n","protected":false},"excerpt":{"rendered":"<p>Hoje a magia do circo tomou conta da nossa educa\u00e7\u00e3o infantil! Entre risadas, cores e muita alegria, nossos pequenos artistas encantaram a todos com uma apresenta\u00e7\u00e3o cheia de encanto e divers\u00e3o. Viva o dia do circo!&nbsp; Confira o v\u00eddeo no nosso Instagram: https:\/\/www.instagram.com\/p\/DHt1321xLbr\/<\/p>\n","protected":false},"author":4,"featured_media":21000,"comment_status":"closed","ping_status":"closed","sticky":false,"template":"","format":"standard","meta":{"_monsterinsights_skip_tracking":false,"_monsterinsights_sitenote_active":false,"_monsterinsights_sitenote_note":"","_monsterinsights_sitenote_category":0,"ngg_post_thumbnail":0,"footnotes":""},"categories":[107,88,82],"tags":[],"class_list":["post-20977","post","type-post","status-publish","format-standard","has-post-thumbnail","hentry","category-notcias-ano2025","category-ed-infantil","category-noticias"],"_links":{"self":[{"href":"https:\/\/redebeneditina.org.br\/isf\/wp-json\/wp\/v2\/posts\/20977","targetHints":{"allow":["GET"]}}],"collection":[{"href":"https:\/\/redebeneditina.org.br\/isf\/wp-json\/wp\/v2\/posts"}],"about":[{"href":"https:\/\/redebeneditina.org.br\/isf\/wp-json\/wp\/v2\/types\/post"}],"author":[{"embeddable":true,"href":"https:\/\/redebeneditina.org.br\/isf\/wp-json\/wp\/v2\/users\/4"}],"replies":[{"embeddable":true,"href":"https:\/\/redebeneditina.org.br\/isf\/wp-json\/wp\/v2\/comments?post=20977"}],"version-history":[{"count":1,"href":"https:\/\/redebeneditina.org.br\/isf\/wp-json\/wp\/v2\/posts\/20977\/revisions"}],"predecessor-version":[{"id":21001,"href":"https:\/\/redebeneditina.org.br\/isf\/wp-json\/wp\/v2\/posts\/20977\/revisions\/21001"}],"wp:featuredmedia":[{"embeddable":true,"href":"https:\/\/redebeneditina.org.br\/isf\/wp-json\/wp\/v2\/media\/21000"}],"wp:attachment":[{"href":"https:\/\/redebeneditina.org.br\/isf\/wp-json\/wp\/v2\/media?parent=20977"}],"wp:term":[{"taxonomy":"category","embeddable":true,"href":"https:\/\/redebeneditina.org.br\/isf\/wp-json\/wp\/v2\/categories?post=20977"},{"taxonomy":"post_tag","embeddable":true,"href":"https:\/\/redebeneditina.org.br\/isf\/wp-json\/wp\/v2\/tags?post=20977"}],"curies":[{"name":"wp","href":"https:\/\/api.w.org\/{rel}","templated":true}]}}