{"id":20980,"date":"2025-03-25T16:56:07","date_gmt":"2025-03-25T19:56:07","guid":{"rendered":"https:\/\/redebeneditina.org.br\/isf\/?p=20980"},"modified":"2025-04-01T18:31:09","modified_gmt":"2025-04-01T21:31:09","slug":"video-do-acampadentro-2025","status":"publish","type":"post","link":"https:\/\/redebeneditina.org.br\/isf\/video-do-acampadentro-2025\/","title":{"rendered":"V\u00eddeo e fotos do AcampaDentro 2025"},"content":{"rendered":"<p>Uma noite inesquec\u00edvel!! Nosso AcampaDentro 2025 foi um sucesso, e tudo isso gra\u00e7as \u00e0 incr\u00edvel organiza\u00e7\u00e3o dos alunos do 9\u00b0 ano, com parceria essencial do 3\u00b0EM. Uma parceria que mostrou protagonismo, trabalho em equipe e muito comprometimento!<\/p>\n<p>Parab\u00e9ns a todos por proporcionarem uma experi\u00eancia incr\u00edvel para os alunos do Fundamental 2!<\/p>\n<p>ngg_shortcode_0_placeholderConfira o v\u00eddeo em nosso Instagram: <a href=\"https:\/\/www.instagram.com\/p\/DHmgBfiMjaj\/\">https:\/\/www.instagram.com\/p\/DHmgBfiMjaj\/<\/a><\/p>\n<p>&nbsp;<\/p>\n","protected":false},"excerpt":{"rendered":"<p>Uma noite inesquec\u00edvel!! Nosso AcampaDentro 2025 foi um sucesso, e tudo isso gra\u00e7as \u00e0 incr\u00edvel organiza\u00e7\u00e3o dos alunos do 9\u00b0 ano, com parceria essencial do 3\u00b0EM. Uma parceria que mostrou protagonismo, trabalho em equipe e muito comprometimento! Parab\u00e9ns a todos por proporcionarem uma experi\u00eancia incr\u00edvel para os alunos do Fundamental 2! Confira o v\u00eddeo em&#8230;<\/p>\n","protected":false},"author":4,"featured_media":21012,"comment_status":"closed","ping_status":"closed","sticky":false,"template":"","format":"standard","meta":{"_monsterinsights_skip_tracking":false,"_monsterinsights_sitenote_active":false,"_monsterinsights_sitenote_note":"","_monsterinsights_sitenote_category":0,"ngg_post_thumbnail":0,"footnotes":""},"categories":[107,90,91,82],"tags":[],"class_list":["post-20980","post","type-post","status-publish","format-standard","has-post-thumbnail","hentry","category-notcias-ano2025","category-ens-fund_ii","category-ens-medio","category-noticias"],"_links":{"self":[{"href":"https:\/\/redebeneditina.org.br\/isf\/wp-json\/wp\/v2\/posts\/20980","targetHints":{"allow":["GET"]}}],"collection":[{"href":"https:\/\/redebeneditina.org.br\/isf\/wp-json\/wp\/v2\/posts"}],"about":[{"href":"https:\/\/redebeneditina.org.br\/isf\/wp-json\/wp\/v2\/types\/post"}],"author":[{"embeddable":true,"href":"https:\/\/redebeneditina.org.br\/isf\/wp-json\/wp\/v2\/users\/4"}],"replies":[{"embeddable":true,"href":"https:\/\/redebeneditina.org.br\/isf\/wp-json\/wp\/v2\/comments?post=20980"}],"version-history":[{"count":2,"href":"https:\/\/redebeneditina.org.br\/isf\/wp-json\/wp\/v2\/posts\/20980\/revisions"}],"predecessor-version":[{"id":21010,"href":"https:\/\/redebeneditina.org.br\/isf\/wp-json\/wp\/v2\/posts\/20980\/revisions\/21010"}],"wp:featuredmedia":[{"embeddable":true,"href":"https:\/\/redebeneditina.org.br\/isf\/wp-json\/wp\/v2\/media\/21012"}],"wp:attachment":[{"href":"https:\/\/redebeneditina.org.br\/isf\/wp-json\/wp\/v2\/media?parent=20980"}],"wp:term":[{"taxonomy":"category","embeddable":true,"href":"https:\/\/redebeneditina.org.br\/isf\/wp-json\/wp\/v2\/categories?post=20980"},{"taxonomy":"post_tag","embeddable":true,"href":"https:\/\/redebeneditina.org.br\/isf\/wp-json\/wp\/v2\/tags?post=20980"}],"curies":[{"name":"wp","href":"https:\/\/api.w.org\/{rel}","templated":true}]}}