{"id":21016,"date":"2025-04-08T08:00:15","date_gmt":"2025-04-08T11:00:15","guid":{"rendered":"https:\/\/redebeneditina.org.br\/isf\/?p=21016"},"modified":"2025-04-01T18:43:45","modified_gmt":"2025-04-01T21:43:45","slug":"dia-de-pedagio-9o-ano-e-ensino-medio","status":"publish","type":"post","link":"https:\/\/redebeneditina.org.br\/isf\/dia-de-pedagio-9o-ano-e-ensino-medio\/","title":{"rendered":"Dia de Ped\u00e1gio &#8211; 9\u00ba ano e Ensino M\u00e9dio"},"content":{"rendered":"<p>Dia de ped\u00e1gio no Sagrada, e nossos alunos do 9\u00ba ano e Ensino M\u00e9dio capricharam no look\u2026 ou melhor, no DESlook!<\/p>\n<p>Combina\u00e7\u00f5es engra\u00e7adas, a criatividade rolou solta! Quem passou por aqui certamente deu boas risadas!<\/p>\nngg_shortcode_0_placeholder\n","protected":false},"excerpt":{"rendered":"<p>Dia de ped\u00e1gio no Sagrada, e nossos alunos do 9\u00ba ano e Ensino M\u00e9dio capricharam no look\u2026 ou melhor, no DESlook! Combina\u00e7\u00f5es engra\u00e7adas, a criatividade rolou solta! Quem passou por aqui certamente deu boas risadas!<\/p>\n","protected":false},"author":4,"featured_media":21023,"comment_status":"closed","ping_status":"closed","sticky":false,"template":"","format":"standard","meta":{"_monsterinsights_skip_tracking":false,"_monsterinsights_sitenote_active":false,"_monsterinsights_sitenote_note":"","_monsterinsights_sitenote_category":0,"ngg_post_thumbnail":0,"footnotes":""},"categories":[107,90,91,82],"tags":[],"class_list":["post-21016","post","type-post","status-publish","format-standard","has-post-thumbnail","hentry","category-notcias-ano2025","category-ens-fund_ii","category-ens-medio","category-noticias"],"_links":{"self":[{"href":"https:\/\/redebeneditina.org.br\/isf\/wp-json\/wp\/v2\/posts\/21016","targetHints":{"allow":["GET"]}}],"collection":[{"href":"https:\/\/redebeneditina.org.br\/isf\/wp-json\/wp\/v2\/posts"}],"about":[{"href":"https:\/\/redebeneditina.org.br\/isf\/wp-json\/wp\/v2\/types\/post"}],"author":[{"embeddable":true,"href":"https:\/\/redebeneditina.org.br\/isf\/wp-json\/wp\/v2\/users\/4"}],"replies":[{"embeddable":true,"href":"https:\/\/redebeneditina.org.br\/isf\/wp-json\/wp\/v2\/comments?post=21016"}],"version-history":[{"count":1,"href":"https:\/\/redebeneditina.org.br\/isf\/wp-json\/wp\/v2\/posts\/21016\/revisions"}],"predecessor-version":[{"id":21024,"href":"https:\/\/redebeneditina.org.br\/isf\/wp-json\/wp\/v2\/posts\/21016\/revisions\/21024"}],"wp:featuredmedia":[{"embeddable":true,"href":"https:\/\/redebeneditina.org.br\/isf\/wp-json\/wp\/v2\/media\/21023"}],"wp:attachment":[{"href":"https:\/\/redebeneditina.org.br\/isf\/wp-json\/wp\/v2\/media?parent=21016"}],"wp:term":[{"taxonomy":"category","embeddable":true,"href":"https:\/\/redebeneditina.org.br\/isf\/wp-json\/wp\/v2\/categories?post=21016"},{"taxonomy":"post_tag","embeddable":true,"href":"https:\/\/redebeneditina.org.br\/isf\/wp-json\/wp\/v2\/tags?post=21016"}],"curies":[{"name":"wp","href":"https:\/\/api.w.org\/{rel}","templated":true}]}}