{"id":21069,"date":"2025-04-08T20:33:53","date_gmt":"2025-04-08T23:33:53","guid":{"rendered":"https:\/\/redebeneditina.org.br\/isf\/?p=21069"},"modified":"2025-04-22T20:34:04","modified_gmt":"2025-04-22T23:34:04","slug":"nossa-cidade-nossa-historia-viva-santo-andre","status":"publish","type":"post","link":"https:\/\/redebeneditina.org.br\/isf\/nossa-cidade-nossa-historia-viva-santo-andre\/","title":{"rendered":"Nossa Cidade, Nossa Hist\u00f3ria: Viva Santo Andr\u00e9!"},"content":{"rendered":"<p>Parab\u00e9ns Santo Andr\u00e9!!!&nbsp;<\/p>\n<p>Hoje celebramos a hist\u00f3ria, cultura e beleza da nossa cidade.<\/p>\n<p>Preparamos um v\u00eddeo especial para mostrar um pouco desse lugar que faz parte da nossa identidade e do nosso dia a dia.&nbsp;<\/p>\n<p>Temos orgulho de educar e crescer aqui.<\/p>\n<p>Viva Santo Andr\u00e9!!<\/p>\n<p>Confira o v\u00eddeo em nosso Instagram: <a href=\"https:\/\/www.instagram.com\/p\/DIL0XnoRYeV\/\">https:\/\/www.instagram.com\/p\/DIL0XnoRYeV\/<\/a><\/p>\n","protected":false},"excerpt":{"rendered":"<p>Parab\u00e9ns Santo Andr\u00e9!!!&nbsp; Hoje celebramos a hist\u00f3ria, cultura e beleza da nossa cidade. Preparamos um v\u00eddeo especial para mostrar um pouco desse lugar que faz parte da nossa identidade e do nosso dia a dia.&nbsp; Temos orgulho de educar e crescer aqui. Viva Santo Andr\u00e9!! Confira o v\u00eddeo em nosso Instagram: https:\/\/www.instagram.com\/p\/DIL0XnoRYeV\/<\/p>\n","protected":false},"author":4,"featured_media":21070,"comment_status":"closed","ping_status":"closed","sticky":false,"template":"","format":"standard","meta":{"_monsterinsights_skip_tracking":false,"_monsterinsights_sitenote_active":false,"_monsterinsights_sitenote_note":"","_monsterinsights_sitenote_category":0,"ngg_post_thumbnail":0,"footnotes":""},"categories":[107,88,89,90,91,82],"tags":[],"class_list":["post-21069","post","type-post","status-publish","format-standard","has-post-thumbnail","hentry","category-notcias-ano2025","category-ed-infantil","category-ens-fund_i","category-ens-fund_ii","category-ens-medio","category-noticias"],"_links":{"self":[{"href":"https:\/\/redebeneditina.org.br\/isf\/wp-json\/wp\/v2\/posts\/21069","targetHints":{"allow":["GET"]}}],"collection":[{"href":"https:\/\/redebeneditina.org.br\/isf\/wp-json\/wp\/v2\/posts"}],"about":[{"href":"https:\/\/redebeneditina.org.br\/isf\/wp-json\/wp\/v2\/types\/post"}],"author":[{"embeddable":true,"href":"https:\/\/redebeneditina.org.br\/isf\/wp-json\/wp\/v2\/users\/4"}],"replies":[{"embeddable":true,"href":"https:\/\/redebeneditina.org.br\/isf\/wp-json\/wp\/v2\/comments?post=21069"}],"version-history":[{"count":1,"href":"https:\/\/redebeneditina.org.br\/isf\/wp-json\/wp\/v2\/posts\/21069\/revisions"}],"predecessor-version":[{"id":21071,"href":"https:\/\/redebeneditina.org.br\/isf\/wp-json\/wp\/v2\/posts\/21069\/revisions\/21071"}],"wp:featuredmedia":[{"embeddable":true,"href":"https:\/\/redebeneditina.org.br\/isf\/wp-json\/wp\/v2\/media\/21070"}],"wp:attachment":[{"href":"https:\/\/redebeneditina.org.br\/isf\/wp-json\/wp\/v2\/media?parent=21069"}],"wp:term":[{"taxonomy":"category","embeddable":true,"href":"https:\/\/redebeneditina.org.br\/isf\/wp-json\/wp\/v2\/categories?post=21069"},{"taxonomy":"post_tag","embeddable":true,"href":"https:\/\/redebeneditina.org.br\/isf\/wp-json\/wp\/v2\/tags?post=21069"}],"curies":[{"name":"wp","href":"https:\/\/api.w.org\/{rel}","templated":true}]}}