{"id":21080,"date":"2025-04-30T12:30:08","date_gmt":"2025-04-30T15:30:08","guid":{"rendered":"https:\/\/redebeneditina.org.br\/isf\/?p=21080"},"modified":"2025-04-30T12:32:05","modified_gmt":"2025-04-30T15:32:05","slug":"mostra-cultural-e-literaria-2025-talento-criatividade-e-emocao-no-fundamental-2","status":"publish","type":"post","link":"https:\/\/redebeneditina.org.br\/isf\/mostra-cultural-e-literaria-2025-talento-criatividade-e-emocao-no-fundamental-2\/","title":{"rendered":"Mostra Cultural e Liter\u00e1ria 2025: Talento, Criatividade e Emo\u00e7\u00e3o no Fundamental 2!"},"content":{"rendered":"<p>Nossa Mostra Cultural e Liter\u00e1ria 2025 foi um verdadeiro mergulho no universo do conhecimento, da arte e da imagina\u00e7\u00e3o!<\/p>\n<p>Os alunos do Fundamental 2 brilharam com projetos criativos, apresenta\u00e7\u00f5es envolventes e muita dedica\u00e7\u00e3o!<\/p>\n<p>Ver cada ideia ganhar forma, cada talento florescer e cada olhar curioso se encantar foi emocionante!<\/p>\n<p>Obrigada a todos que estiveram com a gente nesse dia t\u00e3o especial.<\/p>\n<p>Juntos, transformamos aprendizado em experi\u00eancia e escola em palco de sonhos!<\/p>\nngg_shortcode_0_placeholder\n","protected":false},"excerpt":{"rendered":"<p>Nossa Mostra Cultural e Liter\u00e1ria 2025 foi um verdadeiro mergulho no universo do conhecimento, da arte e da imagina\u00e7\u00e3o! Os alunos do Fundamental 2 brilharam com projetos criativos, apresenta\u00e7\u00f5es envolventes e muita dedica\u00e7\u00e3o! Ver cada ideia ganhar forma, cada talento florescer e cada olhar curioso se encantar foi emocionante! Obrigada a todos que estiveram com&#8230;<\/p>\n","protected":false},"author":4,"featured_media":21121,"comment_status":"closed","ping_status":"closed","sticky":false,"template":"","format":"standard","meta":{"_monsterinsights_skip_tracking":false,"_monsterinsights_sitenote_active":false,"_monsterinsights_sitenote_note":"","_monsterinsights_sitenote_category":0,"ngg_post_thumbnail":0,"footnotes":""},"categories":[107,90,82],"tags":[],"class_list":["post-21080","post","type-post","status-publish","format-standard","has-post-thumbnail","hentry","category-notcias-ano2025","category-ens-fund_ii","category-noticias"],"_links":{"self":[{"href":"https:\/\/redebeneditina.org.br\/isf\/wp-json\/wp\/v2\/posts\/21080","targetHints":{"allow":["GET"]}}],"collection":[{"href":"https:\/\/redebeneditina.org.br\/isf\/wp-json\/wp\/v2\/posts"}],"about":[{"href":"https:\/\/redebeneditina.org.br\/isf\/wp-json\/wp\/v2\/types\/post"}],"author":[{"embeddable":true,"href":"https:\/\/redebeneditina.org.br\/isf\/wp-json\/wp\/v2\/users\/4"}],"replies":[{"embeddable":true,"href":"https:\/\/redebeneditina.org.br\/isf\/wp-json\/wp\/v2\/comments?post=21080"}],"version-history":[{"count":1,"href":"https:\/\/redebeneditina.org.br\/isf\/wp-json\/wp\/v2\/posts\/21080\/revisions"}],"predecessor-version":[{"id":21119,"href":"https:\/\/redebeneditina.org.br\/isf\/wp-json\/wp\/v2\/posts\/21080\/revisions\/21119"}],"wp:featuredmedia":[{"embeddable":true,"href":"https:\/\/redebeneditina.org.br\/isf\/wp-json\/wp\/v2\/media\/21121"}],"wp:attachment":[{"href":"https:\/\/redebeneditina.org.br\/isf\/wp-json\/wp\/v2\/media?parent=21080"}],"wp:term":[{"taxonomy":"category","embeddable":true,"href":"https:\/\/redebeneditina.org.br\/isf\/wp-json\/wp\/v2\/categories?post=21080"},{"taxonomy":"post_tag","embeddable":true,"href":"https:\/\/redebeneditina.org.br\/isf\/wp-json\/wp\/v2\/tags?post=21080"}],"curies":[{"name":"wp","href":"https:\/\/api.w.org\/{rel}","templated":true}]}}