{"id":21161,"date":"2025-05-11T17:50:21","date_gmt":"2025-05-11T20:50:21","guid":{"rendered":"https:\/\/redebeneditina.org.br\/isf\/?p=21161"},"modified":"2025-05-13T17:56:30","modified_gmt":"2025-05-13T20:56:30","slug":"video-em-homenagem-para-nossas-maes","status":"publish","type":"post","link":"https:\/\/redebeneditina.org.br\/isf\/video-em-homenagem-para-nossas-maes\/","title":{"rendered":"V\u00eddeo em Homenagem para Nossas M\u00e3es"},"content":{"rendered":"<p>Hoje nossos cora\u00e7\u00f5es se encheram de amor e gratid\u00e3o!&nbsp;<\/p>\n<p>Os alunos prepararam esta linda homenagem para celebrar quem nos ensina o amor desde o primeiro dia: as m\u00e3es. Foi um momento de emo\u00e7\u00e3o, carinho e muitos sorrisos.<\/p>\n<p>Feliz Dia das M\u00e3es a todas que s\u00e3o abrigo, for\u00e7a e afeto.<\/p>\n<p>Confira o v\u00eddeo em nosso Instagram: <a href=\"https:\/\/www.instagram.com\/p\/DJhAtitxgmM\/\">https:\/\/www.instagram.com\/p\/DJhAtitxgmM\/<\/a><\/p>\n<p>&nbsp;<\/p>\n","protected":false},"excerpt":{"rendered":"<p>Hoje nossos cora\u00e7\u00f5es se encheram de amor e gratid\u00e3o!&nbsp; Os alunos prepararam esta linda homenagem para celebrar quem nos ensina o amor desde o primeiro dia: as m\u00e3es. Foi um momento de emo\u00e7\u00e3o, carinho e muitos sorrisos. Feliz Dia das M\u00e3es a todas que s\u00e3o abrigo, for\u00e7a e afeto. Confira o v\u00eddeo em nosso Instagram:&#8230;<\/p>\n","protected":false},"author":4,"featured_media":21162,"comment_status":"closed","ping_status":"closed","sticky":false,"template":"","format":"standard","meta":{"_monsterinsights_skip_tracking":false,"_monsterinsights_sitenote_active":false,"_monsterinsights_sitenote_note":"","_monsterinsights_sitenote_category":0,"ngg_post_thumbnail":0,"footnotes":""},"categories":[107,90,91,82],"tags":[],"class_list":["post-21161","post","type-post","status-publish","format-standard","has-post-thumbnail","hentry","category-notcias-ano2025","category-ens-fund_ii","category-ens-medio","category-noticias"],"_links":{"self":[{"href":"https:\/\/redebeneditina.org.br\/isf\/wp-json\/wp\/v2\/posts\/21161","targetHints":{"allow":["GET"]}}],"collection":[{"href":"https:\/\/redebeneditina.org.br\/isf\/wp-json\/wp\/v2\/posts"}],"about":[{"href":"https:\/\/redebeneditina.org.br\/isf\/wp-json\/wp\/v2\/types\/post"}],"author":[{"embeddable":true,"href":"https:\/\/redebeneditina.org.br\/isf\/wp-json\/wp\/v2\/users\/4"}],"replies":[{"embeddable":true,"href":"https:\/\/redebeneditina.org.br\/isf\/wp-json\/wp\/v2\/comments?post=21161"}],"version-history":[{"count":1,"href":"https:\/\/redebeneditina.org.br\/isf\/wp-json\/wp\/v2\/posts\/21161\/revisions"}],"predecessor-version":[{"id":21163,"href":"https:\/\/redebeneditina.org.br\/isf\/wp-json\/wp\/v2\/posts\/21161\/revisions\/21163"}],"wp:featuredmedia":[{"embeddable":true,"href":"https:\/\/redebeneditina.org.br\/isf\/wp-json\/wp\/v2\/media\/21162"}],"wp:attachment":[{"href":"https:\/\/redebeneditina.org.br\/isf\/wp-json\/wp\/v2\/media?parent=21161"}],"wp:term":[{"taxonomy":"category","embeddable":true,"href":"https:\/\/redebeneditina.org.br\/isf\/wp-json\/wp\/v2\/categories?post=21161"},{"taxonomy":"post_tag","embeddable":true,"href":"https:\/\/redebeneditina.org.br\/isf\/wp-json\/wp\/v2\/tags?post=21161"}],"curies":[{"name":"wp","href":"https:\/\/api.w.org\/{rel}","templated":true}]}}