{"id":21188,"date":"2025-05-14T16:54:40","date_gmt":"2025-05-14T19:54:40","guid":{"rendered":"https:\/\/redebeneditina.org.br\/isf\/?p=21188"},"modified":"2025-05-14T16:54:40","modified_gmt":"2025-05-14T19:54:40","slug":"circuito-escolar-20-de-maio","status":"publish","type":"post","link":"https:\/\/redebeneditina.org.br\/isf\/circuito-escolar-20-de-maio\/","title":{"rendered":"Circuito Escolar &#8211; 20 de maio"},"content":{"rendered":"<p>\u00c9 com grande alegria que convidamos toda a nossa comunidade escolar para prestigiar nossos alunos no Circuito Escolar.<\/p>\n<p>\ud83d\uddd3\ufe0f <strong data-start=\"135\" data-end=\"144\">Data:<\/strong> 20 de maio<br data-start=\"155\" data-end=\"158\">\ud83d\udd56 <strong data-start=\"161\" data-end=\"173\">Hor\u00e1rio:<\/strong> 19h<\/p>\n<p>Venha torcer com a gente e incentivar nossos atletas! Sua presen\u00e7a far\u00e1 toda a diferen\u00e7a!<\/p>\n","protected":false},"excerpt":{"rendered":"<p>\u00c9 com grande alegria que convidamos toda a nossa comunidade escolar para prestigiar nossos alunos no Circuito Escolar. \ud83d\uddd3\ufe0f Data: 20 de maio\ud83d\udd56 Hor\u00e1rio: 19h Venha torcer com a gente e incentivar nossos atletas! Sua presen\u00e7a far\u00e1 toda a diferen\u00e7a!<\/p>\n","protected":false},"author":4,"featured_media":21189,"comment_status":"closed","ping_status":"closed","sticky":false,"template":"","format":"standard","meta":{"_monsterinsights_skip_tracking":false,"_monsterinsights_sitenote_active":false,"_monsterinsights_sitenote_note":"","_monsterinsights_sitenote_category":0,"ngg_post_thumbnail":0,"footnotes":""},"categories":[107,90,82],"tags":[],"class_list":["post-21188","post","type-post","status-publish","format-standard","has-post-thumbnail","hentry","category-notcias-ano2025","category-ens-fund_ii","category-noticias"],"_links":{"self":[{"href":"https:\/\/redebeneditina.org.br\/isf\/wp-json\/wp\/v2\/posts\/21188","targetHints":{"allow":["GET"]}}],"collection":[{"href":"https:\/\/redebeneditina.org.br\/isf\/wp-json\/wp\/v2\/posts"}],"about":[{"href":"https:\/\/redebeneditina.org.br\/isf\/wp-json\/wp\/v2\/types\/post"}],"author":[{"embeddable":true,"href":"https:\/\/redebeneditina.org.br\/isf\/wp-json\/wp\/v2\/users\/4"}],"replies":[{"embeddable":true,"href":"https:\/\/redebeneditina.org.br\/isf\/wp-json\/wp\/v2\/comments?post=21188"}],"version-history":[{"count":1,"href":"https:\/\/redebeneditina.org.br\/isf\/wp-json\/wp\/v2\/posts\/21188\/revisions"}],"predecessor-version":[{"id":21190,"href":"https:\/\/redebeneditina.org.br\/isf\/wp-json\/wp\/v2\/posts\/21188\/revisions\/21190"}],"wp:featuredmedia":[{"embeddable":true,"href":"https:\/\/redebeneditina.org.br\/isf\/wp-json\/wp\/v2\/media\/21189"}],"wp:attachment":[{"href":"https:\/\/redebeneditina.org.br\/isf\/wp-json\/wp\/v2\/media?parent=21188"}],"wp:term":[{"taxonomy":"category","embeddable":true,"href":"https:\/\/redebeneditina.org.br\/isf\/wp-json\/wp\/v2\/categories?post=21188"},{"taxonomy":"post_tag","embeddable":true,"href":"https:\/\/redebeneditina.org.br\/isf\/wp-json\/wp\/v2\/tags?post=21188"}],"curies":[{"name":"wp","href":"https:\/\/api.w.org\/{rel}","templated":true}]}}