{"id":21217,"date":"2025-05-19T13:24:26","date_gmt":"2025-05-19T16:24:26","guid":{"rendered":"https:\/\/redebeneditina.org.br\/isf\/?p=21217"},"modified":"2025-05-19T13:24:26","modified_gmt":"2025-05-19T16:24:26","slug":"ditado-estourado-com-pre-ii","status":"publish","type":"post","link":"https:\/\/redebeneditina.org.br\/isf\/ditado-estourado-com-pre-ii\/","title":{"rendered":"Ditado Estourado com Pr\u00e9 II"},"content":{"rendered":"<p>Com muita divers\u00e3o e aprendizado, nossos pequenos do Pr\u00e9 II participaram do Ditado Estourado!<\/p>\n<p>Uma atividade l\u00fadica que estimula a percep\u00e7\u00e3o sonora, ajudando as crian\u00e7as a reconhecerem e identificarem os sons da fala por meio de s\u00edlabas simples.<\/p>\n<p>Aprender brincando \u00e9 sempre mais gostoso!<\/p>\nngg_shortcode_0_placeholder\n","protected":false},"excerpt":{"rendered":"<p>Com muita divers\u00e3o e aprendizado, nossos pequenos do Pr\u00e9 II participaram do Ditado Estourado! Uma atividade l\u00fadica que estimula a percep\u00e7\u00e3o sonora, ajudando as crian\u00e7as a reconhecerem e identificarem os sons da fala por meio de s\u00edlabas simples. Aprender brincando \u00e9 sempre mais gostoso!<\/p>\n","protected":false},"author":4,"featured_media":21235,"comment_status":"closed","ping_status":"closed","sticky":false,"template":"","format":"standard","meta":{"_monsterinsights_skip_tracking":false,"_monsterinsights_sitenote_active":false,"_monsterinsights_sitenote_note":"","_monsterinsights_sitenote_category":0,"ngg_post_thumbnail":0,"footnotes":""},"categories":[107,88,82],"tags":[],"class_list":["post-21217","post","type-post","status-publish","format-standard","has-post-thumbnail","hentry","category-notcias-ano2025","category-ed-infantil","category-noticias"],"_links":{"self":[{"href":"https:\/\/redebeneditina.org.br\/isf\/wp-json\/wp\/v2\/posts\/21217","targetHints":{"allow":["GET"]}}],"collection":[{"href":"https:\/\/redebeneditina.org.br\/isf\/wp-json\/wp\/v2\/posts"}],"about":[{"href":"https:\/\/redebeneditina.org.br\/isf\/wp-json\/wp\/v2\/types\/post"}],"author":[{"embeddable":true,"href":"https:\/\/redebeneditina.org.br\/isf\/wp-json\/wp\/v2\/users\/4"}],"replies":[{"embeddable":true,"href":"https:\/\/redebeneditina.org.br\/isf\/wp-json\/wp\/v2\/comments?post=21217"}],"version-history":[{"count":1,"href":"https:\/\/redebeneditina.org.br\/isf\/wp-json\/wp\/v2\/posts\/21217\/revisions"}],"predecessor-version":[{"id":21236,"href":"https:\/\/redebeneditina.org.br\/isf\/wp-json\/wp\/v2\/posts\/21217\/revisions\/21236"}],"wp:featuredmedia":[{"embeddable":true,"href":"https:\/\/redebeneditina.org.br\/isf\/wp-json\/wp\/v2\/media\/21235"}],"wp:attachment":[{"href":"https:\/\/redebeneditina.org.br\/isf\/wp-json\/wp\/v2\/media?parent=21217"}],"wp:term":[{"taxonomy":"category","embeddable":true,"href":"https:\/\/redebeneditina.org.br\/isf\/wp-json\/wp\/v2\/categories?post=21217"},{"taxonomy":"post_tag","embeddable":true,"href":"https:\/\/redebeneditina.org.br\/isf\/wp-json\/wp\/v2\/tags?post=21217"}],"curies":[{"name":"wp","href":"https:\/\/api.w.org\/{rel}","templated":true}]}}