{"id":21238,"date":"2025-05-21T09:58:04","date_gmt":"2025-05-21T12:58:04","guid":{"rendered":"https:\/\/redebeneditina.org.br\/isf\/?p=21238"},"modified":"2025-05-21T09:58:04","modified_gmt":"2025-05-21T12:58:04","slug":"robotica-no-pre-ii","status":"publish","type":"post","link":"https:\/\/redebeneditina.org.br\/isf\/robotica-no-pre-ii\/","title":{"rendered":"Rob\u00f3tica no Pr\u00e9 II"},"content":{"rendered":"<p>Na aula de Rob\u00f3tica de hoje, o Pr\u00e9 II embarcou em uma miss\u00e3o criativa e cheia de descobertas!<\/p>\n<p>O desafio era construir, em equipe, um animal utilizando pe\u00e7as e muita imagina\u00e7\u00e3o.<\/p>\n<p>Depois, foi hora de testar as habilidades de comunica\u00e7\u00e3o: com dicas espertas, as crian\u00e7as desafiaram os colegas a adivinhar qual era o animal constru\u00eddo.<\/p>\n<p>Uma atividade divertida que desenvolveu criatividade, trabalho em equipe e racioc\u00ednio l\u00f3gico.<\/p>\n<p>Aprender assim \u00e9 muito mais gostoso!<\/p>\nngg_shortcode_0_placeholder\n","protected":false},"excerpt":{"rendered":"<p>Na aula de Rob\u00f3tica de hoje, o Pr\u00e9 II embarcou em uma miss\u00e3o criativa e cheia de descobertas! O desafio era construir, em equipe, um animal utilizando pe\u00e7as e muita imagina\u00e7\u00e3o. Depois, foi hora de testar as habilidades de comunica\u00e7\u00e3o: com dicas espertas, as crian\u00e7as desafiaram os colegas a adivinhar qual era o animal constru\u00eddo.&#8230;<\/p>\n","protected":false},"author":4,"featured_media":21249,"comment_status":"closed","ping_status":"closed","sticky":false,"template":"","format":"standard","meta":{"_monsterinsights_skip_tracking":false,"_monsterinsights_sitenote_active":false,"_monsterinsights_sitenote_note":"","_monsterinsights_sitenote_category":0,"ngg_post_thumbnail":0,"footnotes":""},"categories":[107,88,82],"tags":[],"class_list":["post-21238","post","type-post","status-publish","format-standard","has-post-thumbnail","hentry","category-notcias-ano2025","category-ed-infantil","category-noticias"],"_links":{"self":[{"href":"https:\/\/redebeneditina.org.br\/isf\/wp-json\/wp\/v2\/posts\/21238","targetHints":{"allow":["GET"]}}],"collection":[{"href":"https:\/\/redebeneditina.org.br\/isf\/wp-json\/wp\/v2\/posts"}],"about":[{"href":"https:\/\/redebeneditina.org.br\/isf\/wp-json\/wp\/v2\/types\/post"}],"author":[{"embeddable":true,"href":"https:\/\/redebeneditina.org.br\/isf\/wp-json\/wp\/v2\/users\/4"}],"replies":[{"embeddable":true,"href":"https:\/\/redebeneditina.org.br\/isf\/wp-json\/wp\/v2\/comments?post=21238"}],"version-history":[{"count":1,"href":"https:\/\/redebeneditina.org.br\/isf\/wp-json\/wp\/v2\/posts\/21238\/revisions"}],"predecessor-version":[{"id":21250,"href":"https:\/\/redebeneditina.org.br\/isf\/wp-json\/wp\/v2\/posts\/21238\/revisions\/21250"}],"wp:featuredmedia":[{"embeddable":true,"href":"https:\/\/redebeneditina.org.br\/isf\/wp-json\/wp\/v2\/media\/21249"}],"wp:attachment":[{"href":"https:\/\/redebeneditina.org.br\/isf\/wp-json\/wp\/v2\/media?parent=21238"}],"wp:term":[{"taxonomy":"category","embeddable":true,"href":"https:\/\/redebeneditina.org.br\/isf\/wp-json\/wp\/v2\/categories?post=21238"},{"taxonomy":"post_tag","embeddable":true,"href":"https:\/\/redebeneditina.org.br\/isf\/wp-json\/wp\/v2\/tags?post=21238"}],"curies":[{"name":"wp","href":"https:\/\/api.w.org\/{rel}","templated":true}]}}