{"id":21290,"date":"2025-05-26T15:11:32","date_gmt":"2025-05-26T18:11:32","guid":{"rendered":"https:\/\/redebeneditina.org.br\/isf\/?p=21290"},"modified":"2025-05-26T15:11:32","modified_gmt":"2025-05-26T18:11:32","slug":"rumo-a-4a-fase-da-onhb-nossos-alunos-seguem-fazendo-historia","status":"publish","type":"post","link":"https:\/\/redebeneditina.org.br\/isf\/rumo-a-4a-fase-da-onhb-nossos-alunos-seguem-fazendo-historia\/","title":{"rendered":"Rumo \u00e0 4\u00aa fase da ONHB: nossos alunos seguem fazendo hist\u00f3ria!"},"content":{"rendered":"<p>Com empenho e paix\u00e3o pelo saber, eles avan\u00e7am com orgulho e representam o Instituto Sagrada Fam\u00edlia com excel\u00eancia.<\/p>\n<p>Parab\u00e9ns aos estudantes e educadores por mais essa conquista!<\/p>\n","protected":false},"excerpt":{"rendered":"<p>Com empenho e paix\u00e3o pelo saber, eles avan\u00e7am com orgulho e representam o Instituto Sagrada Fam\u00edlia com excel\u00eancia. Parab\u00e9ns aos estudantes e educadores por mais essa conquista!<\/p>\n","protected":false},"author":4,"featured_media":21291,"comment_status":"closed","ping_status":"closed","sticky":false,"template":"","format":"standard","meta":{"_monsterinsights_skip_tracking":false,"_monsterinsights_sitenote_active":false,"_monsterinsights_sitenote_note":"","_monsterinsights_sitenote_category":0,"ngg_post_thumbnail":0,"footnotes":""},"categories":[107,90,91,82],"tags":[],"class_list":["post-21290","post","type-post","status-publish","format-standard","has-post-thumbnail","hentry","category-notcias-ano2025","category-ens-fund_ii","category-ens-medio","category-noticias"],"_links":{"self":[{"href":"https:\/\/redebeneditina.org.br\/isf\/wp-json\/wp\/v2\/posts\/21290","targetHints":{"allow":["GET"]}}],"collection":[{"href":"https:\/\/redebeneditina.org.br\/isf\/wp-json\/wp\/v2\/posts"}],"about":[{"href":"https:\/\/redebeneditina.org.br\/isf\/wp-json\/wp\/v2\/types\/post"}],"author":[{"embeddable":true,"href":"https:\/\/redebeneditina.org.br\/isf\/wp-json\/wp\/v2\/users\/4"}],"replies":[{"embeddable":true,"href":"https:\/\/redebeneditina.org.br\/isf\/wp-json\/wp\/v2\/comments?post=21290"}],"version-history":[{"count":1,"href":"https:\/\/redebeneditina.org.br\/isf\/wp-json\/wp\/v2\/posts\/21290\/revisions"}],"predecessor-version":[{"id":21292,"href":"https:\/\/redebeneditina.org.br\/isf\/wp-json\/wp\/v2\/posts\/21290\/revisions\/21292"}],"wp:featuredmedia":[{"embeddable":true,"href":"https:\/\/redebeneditina.org.br\/isf\/wp-json\/wp\/v2\/media\/21291"}],"wp:attachment":[{"href":"https:\/\/redebeneditina.org.br\/isf\/wp-json\/wp\/v2\/media?parent=21290"}],"wp:term":[{"taxonomy":"category","embeddable":true,"href":"https:\/\/redebeneditina.org.br\/isf\/wp-json\/wp\/v2\/categories?post=21290"},{"taxonomy":"post_tag","embeddable":true,"href":"https:\/\/redebeneditina.org.br\/isf\/wp-json\/wp\/v2\/tags?post=21290"}],"curies":[{"name":"wp","href":"https:\/\/api.w.org\/{rel}","templated":true}]}}