{"id":21320,"date":"2025-05-26T17:39:25","date_gmt":"2025-05-26T20:39:25","guid":{"rendered":"https:\/\/redebeneditina.org.br\/isf\/?p=21320"},"modified":"2025-05-26T17:39:25","modified_gmt":"2025-05-26T20:39:25","slug":"festa-junina-isf-2025","status":"publish","type":"post","link":"https:\/\/redebeneditina.org.br\/isf\/festa-junina-isf-2025\/","title":{"rendered":"Festa Junina ISF 2025"},"content":{"rendered":"<p data-start=\"213\" data-end=\"450\">Prepare o traje caipira e venha curtir um dia cheio de alegria na Festa Junina ISF 2025, que acontece no dia 14 de junho, das 10h \u00e0s 18h!<\/p>\n<p data-start=\"213\" data-end=\"450\">Vai ter dan\u00e7a, brincadeiras, comidas deliciosas e muita anima\u00e7\u00e3o para toda a fam\u00edlia!<\/p>\n<p data-start=\"452\" data-end=\"580\">\ud83d\udcc5 Data: 14 de junho de 2025<br data-start=\"484\" data-end=\"487\">\ud83d\udd59 Hor\u00e1rio: Das 10h \u00e0s 18h<br data-start=\"517\" data-end=\"520\">\ud83d\udccd Local: Rua Manduri, 68 \u2013 Jardim Para\u00edso \u2013 Santo Andr\u00e9<\/p>\n<p data-start=\"582\" data-end=\"671\">\ud83c\udf9f\ufe0f Ingressos dispon\u00edveis a partir de 26\/05, diretamente na secretaria da escola.<\/p>\n<p data-start=\"673\" data-end=\"785\">Chame a fam\u00edlia e os amigos e venha viver essa festan\u00e7a com a gente!&nbsp;<\/p>\n<p data-start=\"673\" data-end=\"785\">N\u00e3o fique de fora do nosso arrai\u00e1!<\/p>\n","protected":false},"excerpt":{"rendered":"<p>Prepare o traje caipira e venha curtir um dia cheio de alegria na Festa Junina ISF 2025, que acontece no dia 14 de junho, das 10h \u00e0s 18h! Vai ter dan\u00e7a, brincadeiras, comidas deliciosas e muita anima\u00e7\u00e3o para toda a fam\u00edlia! \ud83d\udcc5 Data: 14 de junho de 2025\ud83d\udd59 Hor\u00e1rio: Das 10h \u00e0s 18h\ud83d\udccd Local: Rua&#8230;<\/p>\n","protected":false},"author":4,"featured_media":21321,"comment_status":"closed","ping_status":"closed","sticky":false,"template":"","format":"standard","meta":{"_monsterinsights_skip_tracking":false,"_monsterinsights_sitenote_active":false,"_monsterinsights_sitenote_note":"","_monsterinsights_sitenote_category":0,"ngg_post_thumbnail":0,"footnotes":""},"categories":[107,92,88,89,90,91,82],"tags":[],"class_list":["post-21320","post","type-post","status-publish","format-standard","has-post-thumbnail","hentry","category-notcias-ano2025","category-contraturno","category-ed-infantil","category-ens-fund_i","category-ens-fund_ii","category-ens-medio","category-noticias"],"_links":{"self":[{"href":"https:\/\/redebeneditina.org.br\/isf\/wp-json\/wp\/v2\/posts\/21320","targetHints":{"allow":["GET"]}}],"collection":[{"href":"https:\/\/redebeneditina.org.br\/isf\/wp-json\/wp\/v2\/posts"}],"about":[{"href":"https:\/\/redebeneditina.org.br\/isf\/wp-json\/wp\/v2\/types\/post"}],"author":[{"embeddable":true,"href":"https:\/\/redebeneditina.org.br\/isf\/wp-json\/wp\/v2\/users\/4"}],"replies":[{"embeddable":true,"href":"https:\/\/redebeneditina.org.br\/isf\/wp-json\/wp\/v2\/comments?post=21320"}],"version-history":[{"count":1,"href":"https:\/\/redebeneditina.org.br\/isf\/wp-json\/wp\/v2\/posts\/21320\/revisions"}],"predecessor-version":[{"id":21322,"href":"https:\/\/redebeneditina.org.br\/isf\/wp-json\/wp\/v2\/posts\/21320\/revisions\/21322"}],"wp:featuredmedia":[{"embeddable":true,"href":"https:\/\/redebeneditina.org.br\/isf\/wp-json\/wp\/v2\/media\/21321"}],"wp:attachment":[{"href":"https:\/\/redebeneditina.org.br\/isf\/wp-json\/wp\/v2\/media?parent=21320"}],"wp:term":[{"taxonomy":"category","embeddable":true,"href":"https:\/\/redebeneditina.org.br\/isf\/wp-json\/wp\/v2\/categories?post=21320"},{"taxonomy":"post_tag","embeddable":true,"href":"https:\/\/redebeneditina.org.br\/isf\/wp-json\/wp\/v2\/tags?post=21320"}],"curies":[{"name":"wp","href":"https:\/\/api.w.org\/{rel}","templated":true}]}}