{"id":21913,"date":"2025-08-22T16:25:14","date_gmt":"2025-08-22T19:25:14","guid":{"rendered":"https:\/\/redebeneditina.org.br\/isf\/?p=21913"},"modified":"2025-08-23T12:24:22","modified_gmt":"2025-08-23T15:24:22","slug":"9o-ano-em-imersao-um-gostinho-do-ensino-medio","status":"publish","type":"post","link":"https:\/\/redebeneditina.org.br\/isf\/9o-ano-em-imersao-um-gostinho-do-ensino-medio\/","title":{"rendered":"9\u00ba ano em imers\u00e3o: um gostinho do Ensino M\u00e9dio!"},"content":{"rendered":"<p>Ao longo desta semana, nossos alunos do 9\u00ba ano tiveram um gostinho especial do que os espera no Ensino M\u00e9dio!<\/p>\n<p>De for\u00e7a mec\u00e2nica em F\u00edsica \u00e0 tabela peri\u00f3dica em Qu\u00edmica, passando pela extra\u00e7\u00e3o de DNA das frutas em Biologia at\u00e9 reflex\u00f5es profundas no Projeto de Vida\u2026 e ainda muito mais em Filosofia e Hist\u00f3ria!<\/p>\n<p>Foi uma verdadeira imers\u00e3o nas novas disciplinas que os aguardam no Ensino M\u00e9dio, despertando curiosidade, ampliando horizontes e mostrando que aprender pode ser surpreendente a cada passo.<\/p>\n<p>Acreditamos que esses novos desafios s\u00f3 v\u00e3o fortalecer ainda mais a jornada de cada estudante!<\/p>\n<p>Estamos orgulhosos por acompanhar cada passo&nbsp;dessa&nbsp;jornada!<\/p>\nngg_shortcode_0_placeholder\n","protected":false},"excerpt":{"rendered":"<p>Ao longo desta semana, nossos alunos do 9\u00ba ano tiveram um gostinho especial do que os espera no Ensino M\u00e9dio! De for\u00e7a mec\u00e2nica em F\u00edsica \u00e0 tabela peri\u00f3dica em Qu\u00edmica, passando pela extra\u00e7\u00e3o de DNA das frutas em Biologia at\u00e9 reflex\u00f5es profundas no Projeto de Vida\u2026 e ainda muito mais em Filosofia e Hist\u00f3ria! Foi&#8230;<\/p>\n","protected":false},"author":4,"featured_media":21934,"comment_status":"closed","ping_status":"closed","sticky":false,"template":"","format":"standard","meta":{"_monsterinsights_skip_tracking":false,"_monsterinsights_sitenote_active":false,"_monsterinsights_sitenote_note":"","_monsterinsights_sitenote_category":0,"ngg_post_thumbnail":0,"footnotes":""},"categories":[107,90,82],"tags":[],"class_list":["post-21913","post","type-post","status-publish","format-standard","has-post-thumbnail","hentry","category-notcias-ano2025","category-ens-fund_ii","category-noticias"],"_links":{"self":[{"href":"https:\/\/redebeneditina.org.br\/isf\/wp-json\/wp\/v2\/posts\/21913","targetHints":{"allow":["GET"]}}],"collection":[{"href":"https:\/\/redebeneditina.org.br\/isf\/wp-json\/wp\/v2\/posts"}],"about":[{"href":"https:\/\/redebeneditina.org.br\/isf\/wp-json\/wp\/v2\/types\/post"}],"author":[{"embeddable":true,"href":"https:\/\/redebeneditina.org.br\/isf\/wp-json\/wp\/v2\/users\/4"}],"replies":[{"embeddable":true,"href":"https:\/\/redebeneditina.org.br\/isf\/wp-json\/wp\/v2\/comments?post=21913"}],"version-history":[{"count":1,"href":"https:\/\/redebeneditina.org.br\/isf\/wp-json\/wp\/v2\/posts\/21913\/revisions"}],"predecessor-version":[{"id":21932,"href":"https:\/\/redebeneditina.org.br\/isf\/wp-json\/wp\/v2\/posts\/21913\/revisions\/21932"}],"wp:featuredmedia":[{"embeddable":true,"href":"https:\/\/redebeneditina.org.br\/isf\/wp-json\/wp\/v2\/media\/21934"}],"wp:attachment":[{"href":"https:\/\/redebeneditina.org.br\/isf\/wp-json\/wp\/v2\/media?parent=21913"}],"wp:term":[{"taxonomy":"category","embeddable":true,"href":"https:\/\/redebeneditina.org.br\/isf\/wp-json\/wp\/v2\/categories?post=21913"},{"taxonomy":"post_tag","embeddable":true,"href":"https:\/\/redebeneditina.org.br\/isf\/wp-json\/wp\/v2\/tags?post=21913"}],"curies":[{"name":"wp","href":"https:\/\/api.w.org\/{rel}","templated":true}]}}