{"id":21959,"date":"2025-08-25T13:17:17","date_gmt":"2025-08-25T16:17:17","guid":{"rendered":"https:\/\/redebeneditina.org.br\/isf\/?p=21959"},"modified":"2025-08-25T13:17:17","modified_gmt":"2025-08-25T16:17:17","slug":"brincando-e-aprendendo-no-pre-i","status":"publish","type":"post","link":"https:\/\/redebeneditina.org.br\/isf\/brincando-e-aprendendo-no-pre-i\/","title":{"rendered":"Brincando e aprendendo no Pr\u00e9 I!"},"content":{"rendered":"<p>A turminha do Pr\u00e9 I descobriu de forma divertida a quantidade de letras e os sons do pr\u00f3prio nome.<\/p>\n<p>Cada letra virou um pedacinho especial da identidade deles, aprender assim fica muito mais divertido!<\/p>\nngg_shortcode_0_placeholder\n","protected":false},"excerpt":{"rendered":"<p>A turminha do Pr\u00e9 I descobriu de forma divertida a quantidade de letras e os sons do pr\u00f3prio nome. Cada letra virou um pedacinho especial da identidade deles, aprender assim fica muito mais divertido!<\/p>\n","protected":false},"author":4,"featured_media":21969,"comment_status":"closed","ping_status":"closed","sticky":false,"template":"","format":"standard","meta":{"_monsterinsights_skip_tracking":false,"_monsterinsights_sitenote_active":false,"_monsterinsights_sitenote_note":"","_monsterinsights_sitenote_category":0,"ngg_post_thumbnail":0,"footnotes":""},"categories":[107,88,82],"tags":[],"class_list":["post-21959","post","type-post","status-publish","format-standard","has-post-thumbnail","hentry","category-notcias-ano2025","category-ed-infantil","category-noticias"],"_links":{"self":[{"href":"https:\/\/redebeneditina.org.br\/isf\/wp-json\/wp\/v2\/posts\/21959","targetHints":{"allow":["GET"]}}],"collection":[{"href":"https:\/\/redebeneditina.org.br\/isf\/wp-json\/wp\/v2\/posts"}],"about":[{"href":"https:\/\/redebeneditina.org.br\/isf\/wp-json\/wp\/v2\/types\/post"}],"author":[{"embeddable":true,"href":"https:\/\/redebeneditina.org.br\/isf\/wp-json\/wp\/v2\/users\/4"}],"replies":[{"embeddable":true,"href":"https:\/\/redebeneditina.org.br\/isf\/wp-json\/wp\/v2\/comments?post=21959"}],"version-history":[{"count":1,"href":"https:\/\/redebeneditina.org.br\/isf\/wp-json\/wp\/v2\/posts\/21959\/revisions"}],"predecessor-version":[{"id":21970,"href":"https:\/\/redebeneditina.org.br\/isf\/wp-json\/wp\/v2\/posts\/21959\/revisions\/21970"}],"wp:featuredmedia":[{"embeddable":true,"href":"https:\/\/redebeneditina.org.br\/isf\/wp-json\/wp\/v2\/media\/21969"}],"wp:attachment":[{"href":"https:\/\/redebeneditina.org.br\/isf\/wp-json\/wp\/v2\/media?parent=21959"}],"wp:term":[{"taxonomy":"category","embeddable":true,"href":"https:\/\/redebeneditina.org.br\/isf\/wp-json\/wp\/v2\/categories?post=21959"},{"taxonomy":"post_tag","embeddable":true,"href":"https:\/\/redebeneditina.org.br\/isf\/wp-json\/wp\/v2\/tags?post=21959"}],"curies":[{"name":"wp","href":"https:\/\/api.w.org\/{rel}","templated":true}]}}