{"id":22039,"date":"2025-09-03T10:45:17","date_gmt":"2025-09-03T13:45:17","guid":{"rendered":"https:\/\/redebeneditina.org.br\/isf\/?p=22039"},"modified":"2025-09-03T10:45:17","modified_gmt":"2025-09-03T13:45:17","slug":"9o-ano-vive-experiencia-de-empatia-e-solidariedade","status":"publish","type":"post","link":"https:\/\/redebeneditina.org.br\/isf\/9o-ano-vive-experiencia-de-empatia-e-solidariedade\/","title":{"rendered":"9\u00ba Ano vive experi\u00eancia de empatia e solidariedade"},"content":{"rendered":"<p>Os alunos do 9\u00ba ano viveram uma experi\u00eancia especial junto \u00e0s crian\u00e7as do Projeto Ciranda. Foi uma tarde repleta de hist\u00f3rias, brincadeiras e momentos de partilha que fortaleceram valores como empatia, solidariedade e conviv\u00eancia.<\/p>\n<p>Atividades como essa refor\u00e7am a miss\u00e3o do nosso Instituto de unir conhecimento, afeto e espiritualidade, proporcionando aos nossos jovens experi\u00eancias que os ajudam a crescer como cidad\u00e3os conscientes e humanos.<\/p>\nngg_shortcode_0_placeholder\n","protected":false},"excerpt":{"rendered":"<p>Os alunos do 9\u00ba ano viveram uma experi\u00eancia especial junto \u00e0s crian\u00e7as do Projeto Ciranda. Foi uma tarde repleta de hist\u00f3rias, brincadeiras e momentos de partilha que fortaleceram valores como empatia, solidariedade e conviv\u00eancia. Atividades como essa refor\u00e7am a miss\u00e3o do nosso Instituto de unir conhecimento, afeto e espiritualidade, proporcionando aos nossos jovens experi\u00eancias que&#8230;<\/p>\n","protected":false},"author":4,"featured_media":22050,"comment_status":"closed","ping_status":"closed","sticky":false,"template":"","format":"standard","meta":{"_monsterinsights_skip_tracking":false,"_monsterinsights_sitenote_active":false,"_monsterinsights_sitenote_note":"","_monsterinsights_sitenote_category":0,"ngg_post_thumbnail":0,"footnotes":""},"categories":[107,90,82],"tags":[],"class_list":["post-22039","post","type-post","status-publish","format-standard","has-post-thumbnail","hentry","category-notcias-ano2025","category-ens-fund_ii","category-noticias"],"_links":{"self":[{"href":"https:\/\/redebeneditina.org.br\/isf\/wp-json\/wp\/v2\/posts\/22039","targetHints":{"allow":["GET"]}}],"collection":[{"href":"https:\/\/redebeneditina.org.br\/isf\/wp-json\/wp\/v2\/posts"}],"about":[{"href":"https:\/\/redebeneditina.org.br\/isf\/wp-json\/wp\/v2\/types\/post"}],"author":[{"embeddable":true,"href":"https:\/\/redebeneditina.org.br\/isf\/wp-json\/wp\/v2\/users\/4"}],"replies":[{"embeddable":true,"href":"https:\/\/redebeneditina.org.br\/isf\/wp-json\/wp\/v2\/comments?post=22039"}],"version-history":[{"count":1,"href":"https:\/\/redebeneditina.org.br\/isf\/wp-json\/wp\/v2\/posts\/22039\/revisions"}],"predecessor-version":[{"id":22051,"href":"https:\/\/redebeneditina.org.br\/isf\/wp-json\/wp\/v2\/posts\/22039\/revisions\/22051"}],"wp:featuredmedia":[{"embeddable":true,"href":"https:\/\/redebeneditina.org.br\/isf\/wp-json\/wp\/v2\/media\/22050"}],"wp:attachment":[{"href":"https:\/\/redebeneditina.org.br\/isf\/wp-json\/wp\/v2\/media?parent=22039"}],"wp:term":[{"taxonomy":"category","embeddable":true,"href":"https:\/\/redebeneditina.org.br\/isf\/wp-json\/wp\/v2\/categories?post=22039"},{"taxonomy":"post_tag","embeddable":true,"href":"https:\/\/redebeneditina.org.br\/isf\/wp-json\/wp\/v2\/tags?post=22039"}],"curies":[{"name":"wp","href":"https:\/\/api.w.org\/{rel}","templated":true}]}}