{"id":22055,"date":"2025-09-03T17:24:13","date_gmt":"2025-09-03T20:24:13","guid":{"rendered":"https:\/\/redebeneditina.org.br\/isf\/?p=22055"},"modified":"2025-09-03T17:25:48","modified_gmt":"2025-09-03T20:25:48","slug":"alunos-classificados-para-a-2a-fase-da-olimpiada-nacional-de-ciencias","status":"publish","type":"post","link":"https:\/\/redebeneditina.org.br\/isf\/alunos-classificados-para-a-2a-fase-da-olimpiada-nacional-de-ciencias\/","title":{"rendered":"Alunos classificados para a 2\u00aa fase da Olimp\u00edada Nacional de Ci\u00eancias"},"content":{"rendered":"<p>Com alegria, compartilhamos que nossos estudantes foram classificados para a 2\u00aa fase da Olimp\u00edada Nacional de Ci\u00eancias (ONC). Esta conquista \u00e9 fruto do empenho dos alunos, da dedica\u00e7\u00e3o dos professores e do compromisso da nossa escola em incentivar a pesquisa, a curiosidade cient\u00edfica e o protagonismo juvenil.<\/p>\n<p>A ONC \u00e9 uma importante iniciativa nacional que estimula o interesse dos jovens pelas \u00e1reas de conhecimento e promove o desenvolvimento de compet\u00eancias fundamentais para sua forma\u00e7\u00e3o acad\u00eamica e cidad\u00e3.<\/p>\n<p>Parabenizamos nossos alunos por este resultado e seguimos torcendo pelo sucesso de todos nas pr\u00f3ximas etapas!<\/p>\nngg_shortcode_0_placeholder\n","protected":false},"excerpt":{"rendered":"<p>Com alegria, compartilhamos que nossos estudantes foram classificados para a 2\u00aa fase da Olimp\u00edada Nacional de Ci\u00eancias (ONC). Esta conquista \u00e9 fruto do empenho dos alunos, da dedica\u00e7\u00e3o dos professores e do compromisso da nossa escola em incentivar a pesquisa, a curiosidade cient\u00edfica e o protagonismo juvenil. A ONC \u00e9 uma importante iniciativa nacional que&#8230;<\/p>\n","protected":false},"author":4,"featured_media":22064,"comment_status":"closed","ping_status":"closed","sticky":false,"template":"","format":"standard","meta":{"_monsterinsights_skip_tracking":false,"_monsterinsights_sitenote_active":false,"_monsterinsights_sitenote_note":"","_monsterinsights_sitenote_category":0,"ngg_post_thumbnail":0,"footnotes":""},"categories":[107,90,82],"tags":[],"class_list":["post-22055","post","type-post","status-publish","format-standard","has-post-thumbnail","hentry","category-notcias-ano2025","category-ens-fund_ii","category-noticias"],"_links":{"self":[{"href":"https:\/\/redebeneditina.org.br\/isf\/wp-json\/wp\/v2\/posts\/22055","targetHints":{"allow":["GET"]}}],"collection":[{"href":"https:\/\/redebeneditina.org.br\/isf\/wp-json\/wp\/v2\/posts"}],"about":[{"href":"https:\/\/redebeneditina.org.br\/isf\/wp-json\/wp\/v2\/types\/post"}],"author":[{"embeddable":true,"href":"https:\/\/redebeneditina.org.br\/isf\/wp-json\/wp\/v2\/users\/4"}],"replies":[{"embeddable":true,"href":"https:\/\/redebeneditina.org.br\/isf\/wp-json\/wp\/v2\/comments?post=22055"}],"version-history":[{"count":1,"href":"https:\/\/redebeneditina.org.br\/isf\/wp-json\/wp\/v2\/posts\/22055\/revisions"}],"predecessor-version":[{"id":22065,"href":"https:\/\/redebeneditina.org.br\/isf\/wp-json\/wp\/v2\/posts\/22055\/revisions\/22065"}],"wp:featuredmedia":[{"embeddable":true,"href":"https:\/\/redebeneditina.org.br\/isf\/wp-json\/wp\/v2\/media\/22064"}],"wp:attachment":[{"href":"https:\/\/redebeneditina.org.br\/isf\/wp-json\/wp\/v2\/media?parent=22055"}],"wp:term":[{"taxonomy":"category","embeddable":true,"href":"https:\/\/redebeneditina.org.br\/isf\/wp-json\/wp\/v2\/categories?post=22055"},{"taxonomy":"post_tag","embeddable":true,"href":"https:\/\/redebeneditina.org.br\/isf\/wp-json\/wp\/v2\/tags?post=22055"}],"curies":[{"name":"wp","href":"https:\/\/api.w.org\/{rel}","templated":true}]}}