{"id":22066,"date":"2025-09-04T14:42:07","date_gmt":"2025-09-04T17:42:07","guid":{"rendered":"https:\/\/redebeneditina.org.br\/isf\/?p=22066"},"modified":"2025-09-04T14:42:07","modified_gmt":"2025-09-04T17:42:07","slug":"agita-isf-2025-encontro-de-alunos-e-familias","status":"publish","type":"post","link":"https:\/\/redebeneditina.org.br\/isf\/agita-isf-2025-encontro-de-alunos-e-familias\/","title":{"rendered":"AGITA ISF 2025 \u2013 Encontro de Alunos e Fam\u00edlias"},"content":{"rendered":"<p><img fetchpriority=\"high\" decoding=\"async\" class=\"alignnone size-full wp-image-22068\" src=\"https:\/\/redebeneditina.org.br\/isf\/wp-content\/uploads\/2025\/09\/agita-instituto-sagrada-familia-set2025-2.jpeg\" alt=\"\" width=\"1080\" height=\"1350\" srcset=\"https:\/\/redebeneditina.org.br\/isf\/wp-content\/uploads\/2025\/09\/agita-instituto-sagrada-familia-set2025-2.jpeg 1080w, https:\/\/redebeneditina.org.br\/isf\/wp-content\/uploads\/2025\/09\/agita-instituto-sagrada-familia-set2025-2-240x300.jpeg 240w, https:\/\/redebeneditina.org.br\/isf\/wp-content\/uploads\/2025\/09\/agita-instituto-sagrada-familia-set2025-2-819x1024.jpeg 819w, https:\/\/redebeneditina.org.br\/isf\/wp-content\/uploads\/2025\/09\/agita-instituto-sagrada-familia-set2025-2-768x960.jpeg 768w\" sizes=\"(max-width: 1080px) 100vw, 1080px\" \/><\/p>\n<p>O Instituto Sagrada Fam\u00edlia tem a alegria de convidar todos para participar do AGITA ISF 2025, um encontro que une alunos e fam\u00edlias em um dia especial de esporte, divers\u00e3o e integra\u00e7\u00e3o.<\/p>\n<p>\ud83d\udcc5 Data: 13 de setembro de 2025<br \/>\n\ud83d\udccd Local: Instituto Sagrada Fam\u00edlia<br \/>\n\ud83d\udd57 Hor\u00e1rio: 8h \u00e0s 13h<\/p>\n<p>Cada aluno poder\u00e1 se inscrever em at\u00e9 duas modalidades esportivas, com inscri\u00e7\u00f5es abertas at\u00e9 o dia 10\/09, diretamente na Secretaria. As equipes ser\u00e3o montadas de acordo com a faixa et\u00e1ria. Al\u00e9m disso, cada aluno inscrito poder\u00e1 trazer um amigo (entre 10 e 16 anos) ou um familiar adulto para compartilhar essa experi\u00eancia.<\/p>\n<p>\u26a0\ufe0f Importante:<\/p>\n<p>Usar roupa confort\u00e1vel e t\u00eanis com solado de borracha (chuteiras com cravo n\u00e3o ser\u00e3o permitidas).<\/p>\n<p>Apenas os jogadores inscritos em cada hor\u00e1rio poder\u00e3o entrar em quadra; os demais devem permanecer na arquibancada.<\/p>\n<p>A premia\u00e7\u00e3o com medalhas contar\u00e1 com a participa\u00e7\u00e3o de um respons\u00e1vel e acontecer\u00e1 ao final de cada bloco.<\/p>\n<p>Contamos com a presen\u00e7a de todos para tornar este dia inesquec\u00edvel. Traga sua energia, sua torcida e venha viver conosco o esp\u00edrito de equipe e uni\u00e3o do AGITA ISF 2025!<\/p>\n","protected":false},"excerpt":{"rendered":"<p>O Instituto Sagrada Fam\u00edlia tem a alegria de convidar todos para participar do AGITA ISF 2025, um encontro que une alunos e fam\u00edlias em um dia especial de esporte, divers\u00e3o e integra\u00e7\u00e3o. \ud83d\udcc5 Data: 13 de setembro de 2025 \ud83d\udccd Local: Instituto Sagrada Fam\u00edlia \ud83d\udd57 Hor\u00e1rio: 8h \u00e0s 13h Cada aluno poder\u00e1 se inscrever em&#8230;<\/p>\n","protected":false},"author":4,"featured_media":22067,"comment_status":"closed","ping_status":"closed","sticky":false,"template":"","format":"standard","meta":{"_monsterinsights_skip_tracking":false,"_monsterinsights_sitenote_active":false,"_monsterinsights_sitenote_note":"","_monsterinsights_sitenote_category":0,"ngg_post_thumbnail":0,"footnotes":""},"categories":[107,90,91,82],"tags":[],"class_list":["post-22066","post","type-post","status-publish","format-standard","has-post-thumbnail","hentry","category-notcias-ano2025","category-ens-fund_ii","category-ens-medio","category-noticias"],"_links":{"self":[{"href":"https:\/\/redebeneditina.org.br\/isf\/wp-json\/wp\/v2\/posts\/22066","targetHints":{"allow":["GET"]}}],"collection":[{"href":"https:\/\/redebeneditina.org.br\/isf\/wp-json\/wp\/v2\/posts"}],"about":[{"href":"https:\/\/redebeneditina.org.br\/isf\/wp-json\/wp\/v2\/types\/post"}],"author":[{"embeddable":true,"href":"https:\/\/redebeneditina.org.br\/isf\/wp-json\/wp\/v2\/users\/4"}],"replies":[{"embeddable":true,"href":"https:\/\/redebeneditina.org.br\/isf\/wp-json\/wp\/v2\/comments?post=22066"}],"version-history":[{"count":1,"href":"https:\/\/redebeneditina.org.br\/isf\/wp-json\/wp\/v2\/posts\/22066\/revisions"}],"predecessor-version":[{"id":22069,"href":"https:\/\/redebeneditina.org.br\/isf\/wp-json\/wp\/v2\/posts\/22066\/revisions\/22069"}],"wp:featuredmedia":[{"embeddable":true,"href":"https:\/\/redebeneditina.org.br\/isf\/wp-json\/wp\/v2\/media\/22067"}],"wp:attachment":[{"href":"https:\/\/redebeneditina.org.br\/isf\/wp-json\/wp\/v2\/media?parent=22066"}],"wp:term":[{"taxonomy":"category","embeddable":true,"href":"https:\/\/redebeneditina.org.br\/isf\/wp-json\/wp\/v2\/categories?post=22066"},{"taxonomy":"post_tag","embeddable":true,"href":"https:\/\/redebeneditina.org.br\/isf\/wp-json\/wp\/v2\/tags?post=22066"}],"curies":[{"name":"wp","href":"https:\/\/api.w.org\/{rel}","templated":true}]}}