{"id":22078,"date":"2025-09-04T17:21:08","date_gmt":"2025-09-04T20:21:08","guid":{"rendered":"https:\/\/redebeneditina.org.br\/isf\/?p=22078"},"modified":"2025-10-16T14:36:04","modified_gmt":"2025-10-16T17:36:04","slug":"matriculas-abertas-2026-instituto-sagrada-familia","status":"publish","type":"post","link":"https:\/\/redebeneditina.org.br\/isf\/matriculas-abertas-2026-instituto-sagrada-familia\/","title":{"rendered":"Matr\u00edculas Abertas 2026 \u2013 Instituto Sagrada Fam\u00edlia"},"content":{"rendered":"<p>O Instituto Sagrada Fam\u00edlia est\u00e1 com Matr\u00edculas Abertas 2026! Mais que uma escola, somos uma institui\u00e7\u00e3o confessional cat\u00f3lica com a miss\u00e3o de acolher, assistir e educar.<\/p>\n<p>Aqui, unimos f\u00e9, valores crist\u00e3os e excel\u00eancia acad\u00eamica, oferecendo uma forma\u00e7\u00e3o integral que prepara alunos para a vida, com mente, cora\u00e7\u00e3o e esp\u00edrito em harmonia.<\/p>\n<ul>\n<li>Educa\u00e7\u00e3o Infantil \u2013 Aprender brincando, com carinho e acolhimento.<\/li>\n<li>Ensino Fundamental I e II \u2013 Conhecimento, projetos inovadores e valores s\u00f3lidos.<\/li>\n<li>Ensino M\u00e9dio \u2013 Prepara\u00e7\u00e3o para os maiores desafios acad\u00eamicos e de vida.<\/li>\n<\/ul>\n<p>Venha conhecer nossa escola e descubra como podemos transformar o futuro do seu filho.<\/p>\n<p><a href=\"https:\/\/redebeneditina.org.br\/isf\/contato\/\">Entre em contato e agende sua visita!<\/a><\/p>\n<p><strong>Instituto Sagrada Fam\u00edlia \u2013 Educa\u00e7\u00e3o com f\u00e9, valores e excel\u00eancia.<\/strong><\/p>\n<p>ngg_shortcode_0_placeholderConfira nossos v\u00eddeos institucionais:<\/p>\n<p>\u00bb <a href=\"https:\/\/www.instagram.com\/p\/DOPJDcyD1cj\/\">https:\/\/www.instagram.com\/p\/DOPJDcyD1cj\/<\/a><\/p>\n<p>\u00bb <a href=\"https:\/\/www.instagram.com\/p\/DPSEEZekTDu\/\">https:\/\/www.instagram.com\/p\/DPSEEZekTDu\/<\/a><\/p>\n<p>\u00bb <a href=\"https:\/\/redebeneditina.org.br\/isf\/instalacoes\/\">https:\/\/redebeneditina.org.br\/isf\/instalacoes\/<\/a><\/p>\n","protected":false},"excerpt":{"rendered":"<p>O Instituto Sagrada Fam\u00edlia est\u00e1 com Matr\u00edculas Abertas 2026! Mais que uma escola, somos uma institui\u00e7\u00e3o confessional cat\u00f3lica com a miss\u00e3o de acolher, assistir e educar. Aqui, unimos f\u00e9, valores crist\u00e3os e excel\u00eancia acad\u00eamica, oferecendo uma forma\u00e7\u00e3o integral que prepara alunos para a vida, com mente, cora\u00e7\u00e3o e esp\u00edrito em harmonia. Educa\u00e7\u00e3o Infantil \u2013 Aprender&#8230;<\/p>\n","protected":false},"author":4,"featured_media":22085,"comment_status":"closed","ping_status":"closed","sticky":false,"template":"","format":"standard","meta":{"_monsterinsights_skip_tracking":false,"_monsterinsights_sitenote_active":false,"_monsterinsights_sitenote_note":"","_monsterinsights_sitenote_category":0,"ngg_post_thumbnail":0,"footnotes":""},"categories":[107,88,89,90,91,82],"tags":[],"class_list":["post-22078","post","type-post","status-publish","format-standard","has-post-thumbnail","hentry","category-notcias-ano2025","category-ed-infantil","category-ens-fund_i","category-ens-fund_ii","category-ens-medio","category-noticias"],"_links":{"self":[{"href":"https:\/\/redebeneditina.org.br\/isf\/wp-json\/wp\/v2\/posts\/22078","targetHints":{"allow":["GET"]}}],"collection":[{"href":"https:\/\/redebeneditina.org.br\/isf\/wp-json\/wp\/v2\/posts"}],"about":[{"href":"https:\/\/redebeneditina.org.br\/isf\/wp-json\/wp\/v2\/types\/post"}],"author":[{"embeddable":true,"href":"https:\/\/redebeneditina.org.br\/isf\/wp-json\/wp\/v2\/users\/4"}],"replies":[{"embeddable":true,"href":"https:\/\/redebeneditina.org.br\/isf\/wp-json\/wp\/v2\/comments?post=22078"}],"version-history":[{"count":4,"href":"https:\/\/redebeneditina.org.br\/isf\/wp-json\/wp\/v2\/posts\/22078\/revisions"}],"predecessor-version":[{"id":22271,"href":"https:\/\/redebeneditina.org.br\/isf\/wp-json\/wp\/v2\/posts\/22078\/revisions\/22271"}],"wp:featuredmedia":[{"embeddable":true,"href":"https:\/\/redebeneditina.org.br\/isf\/wp-json\/wp\/v2\/media\/22085"}],"wp:attachment":[{"href":"https:\/\/redebeneditina.org.br\/isf\/wp-json\/wp\/v2\/media?parent=22078"}],"wp:term":[{"taxonomy":"category","embeddable":true,"href":"https:\/\/redebeneditina.org.br\/isf\/wp-json\/wp\/v2\/categories?post=22078"},{"taxonomy":"post_tag","embeddable":true,"href":"https:\/\/redebeneditina.org.br\/isf\/wp-json\/wp\/v2\/tags?post=22078"}],"curies":[{"name":"wp","href":"https:\/\/api.w.org\/{rel}","templated":true}]}}