{"id":22158,"date":"2025-09-16T09:55:21","date_gmt":"2025-09-16T12:55:21","guid":{"rendered":"https:\/\/redebeneditina.org.br\/isf\/?p=22158"},"modified":"2025-09-16T09:55:21","modified_gmt":"2025-09-16T12:55:21","slug":"projeto-de-vida-um-caminho-para-saber-conviver-e-escolher","status":"publish","type":"post","link":"https:\/\/redebeneditina.org.br\/isf\/projeto-de-vida-um-caminho-para-saber-conviver-e-escolher\/","title":{"rendered":"Projeto de Vida: um caminho para saber conviver e escolher"},"content":{"rendered":"<p>O Instituto Sagrada Fam\u00edlia promoveu, em parceria com a OPEE, uma palestra especial com o tema \u201cProjeto de Vida, um caminho para saber conviver e escolher\u201d. O encontro proporcionou aos alunos reflex\u00f5es valiosas sobre conviv\u00eancia respeitosa, a import\u00e2ncia das escolhas conscientes e a constru\u00e7\u00e3o de metas pessoais e coletivas.<\/p>\n<p>Esse momento refor\u00e7ou o compromisso da escola em oferecer uma forma\u00e7\u00e3o integral, que une excel\u00eancia acad\u00eamica e desenvolvimento humano, preparando nossos estudantes para os desafios da vida com responsabilidade, valores s\u00f3lidos e vis\u00e3o de futuro.<\/p>\nngg_shortcode_0_placeholder\n","protected":false},"excerpt":{"rendered":"<p>O Instituto Sagrada Fam\u00edlia promoveu, em parceria com a OPEE, uma palestra especial com o tema \u201cProjeto de Vida, um caminho para saber conviver e escolher\u201d. O encontro proporcionou aos alunos reflex\u00f5es valiosas sobre conviv\u00eancia respeitosa, a import\u00e2ncia das escolhas conscientes e a constru\u00e7\u00e3o de metas pessoais e coletivas. Esse momento refor\u00e7ou o compromisso da&#8230;<\/p>\n","protected":false},"author":4,"featured_media":22169,"comment_status":"closed","ping_status":"closed","sticky":false,"template":"","format":"standard","meta":{"_monsterinsights_skip_tracking":false,"_monsterinsights_sitenote_active":false,"_monsterinsights_sitenote_note":"","_monsterinsights_sitenote_category":0,"ngg_post_thumbnail":0,"footnotes":""},"categories":[107,90,82],"tags":[],"class_list":["post-22158","post","type-post","status-publish","format-standard","has-post-thumbnail","hentry","category-notcias-ano2025","category-ens-fund_ii","category-noticias"],"_links":{"self":[{"href":"https:\/\/redebeneditina.org.br\/isf\/wp-json\/wp\/v2\/posts\/22158","targetHints":{"allow":["GET"]}}],"collection":[{"href":"https:\/\/redebeneditina.org.br\/isf\/wp-json\/wp\/v2\/posts"}],"about":[{"href":"https:\/\/redebeneditina.org.br\/isf\/wp-json\/wp\/v2\/types\/post"}],"author":[{"embeddable":true,"href":"https:\/\/redebeneditina.org.br\/isf\/wp-json\/wp\/v2\/users\/4"}],"replies":[{"embeddable":true,"href":"https:\/\/redebeneditina.org.br\/isf\/wp-json\/wp\/v2\/comments?post=22158"}],"version-history":[{"count":1,"href":"https:\/\/redebeneditina.org.br\/isf\/wp-json\/wp\/v2\/posts\/22158\/revisions"}],"predecessor-version":[{"id":22170,"href":"https:\/\/redebeneditina.org.br\/isf\/wp-json\/wp\/v2\/posts\/22158\/revisions\/22170"}],"wp:featuredmedia":[{"embeddable":true,"href":"https:\/\/redebeneditina.org.br\/isf\/wp-json\/wp\/v2\/media\/22169"}],"wp:attachment":[{"href":"https:\/\/redebeneditina.org.br\/isf\/wp-json\/wp\/v2\/media?parent=22158"}],"wp:term":[{"taxonomy":"category","embeddable":true,"href":"https:\/\/redebeneditina.org.br\/isf\/wp-json\/wp\/v2\/categories?post=22158"},{"taxonomy":"post_tag","embeddable":true,"href":"https:\/\/redebeneditina.org.br\/isf\/wp-json\/wp\/v2\/tags?post=22158"}],"curies":[{"name":"wp","href":"https:\/\/api.w.org\/{rel}","templated":true}]}}