{"id":22262,"date":"2025-10-16T14:29:38","date_gmt":"2025-10-16T17:29:38","guid":{"rendered":"https:\/\/redebeneditina.org.br\/isf\/?p=22262"},"modified":"2025-10-16T14:29:49","modified_gmt":"2025-10-16T17:29:49","slug":"brilhando-na-ciencia-orgulho-do-instituto-sagrada-familia","status":"publish","type":"post","link":"https:\/\/redebeneditina.org.br\/isf\/brilhando-na-ciencia-orgulho-do-instituto-sagrada-familia\/","title":{"rendered":"Brilhando na Ci\u00eancia: Orgulho do Instituto Sagrada Fam\u00edlia"},"content":{"rendered":"<p><img fetchpriority=\"high\" decoding=\"async\" class=\"alignnone size-full wp-image-22264\" src=\"https:\/\/redebeneditina.org.br\/isf\/wp-content\/uploads\/2025\/10\/2025-onc-instituto-sagrada-familia-santo-andre-2.jpg\" alt=\"\" width=\"1024\" height=\"1280\" srcset=\"https:\/\/redebeneditina.org.br\/isf\/wp-content\/uploads\/2025\/10\/2025-onc-instituto-sagrada-familia-santo-andre-2.jpg 1024w, https:\/\/redebeneditina.org.br\/isf\/wp-content\/uploads\/2025\/10\/2025-onc-instituto-sagrada-familia-santo-andre-2-240x300.jpg 240w, https:\/\/redebeneditina.org.br\/isf\/wp-content\/uploads\/2025\/10\/2025-onc-instituto-sagrada-familia-santo-andre-2-819x1024.jpg 819w, https:\/\/redebeneditina.org.br\/isf\/wp-content\/uploads\/2025\/10\/2025-onc-instituto-sagrada-familia-santo-andre-2-768x960.jpg 768w\" sizes=\"(max-width: 1024px) 100vw, 1024px\" \/><\/p>\n<p>Orgulho que inspira!<\/p>\n<p>O Instituto Sagrada Fam\u00edlia celebra com alegria o desempenho de seus alunos na Olimp\u00edada Nacional de Ci\u00eancias (ONC)!<\/p>\n<p>Nossos estudantes se destacaram com medalhas e reconhecimentos que refletem n\u00e3o apenas o talento, mas tamb\u00e9m a dedica\u00e7\u00e3o, o esfor\u00e7o e a paix\u00e3o pelo conhecimento cient\u00edfico.<\/p>\n<p>Cada conquista representa o resultado de um trabalho conjunto entre alunos, professores e fam\u00edlias, reafirmando nosso compromisso com uma educa\u00e7\u00e3o de excel\u00eancia, que valoriza o pensamento cr\u00edtico, a curiosidade e a forma\u00e7\u00e3o integral.<\/p>\n<p>Parab\u00e9ns aos nossos medalhistas por essa brilhante conquista, voc\u00eas nos enchem de orgulho e motivam toda a comunidade escolar a continuar acreditando no poder transformador&nbsp;da&nbsp;educa\u00e7\u00e3o!<\/p>\n","protected":false},"excerpt":{"rendered":"<p>Orgulho que inspira! O Instituto Sagrada Fam\u00edlia celebra com alegria o desempenho de seus alunos na Olimp\u00edada Nacional de Ci\u00eancias (ONC)! Nossos estudantes se destacaram com medalhas e reconhecimentos que refletem n\u00e3o apenas o talento, mas tamb\u00e9m a dedica\u00e7\u00e3o, o esfor\u00e7o e a paix\u00e3o pelo conhecimento cient\u00edfico. Cada conquista representa o resultado de um trabalho&#8230;<\/p>\n","protected":false},"author":4,"featured_media":22263,"comment_status":"closed","ping_status":"closed","sticky":false,"template":"","format":"standard","meta":{"_monsterinsights_skip_tracking":false,"_monsterinsights_sitenote_active":false,"_monsterinsights_sitenote_note":"","_monsterinsights_sitenote_category":0,"ngg_post_thumbnail":0,"footnotes":""},"categories":[107,90,82],"tags":[],"class_list":["post-22262","post","type-post","status-publish","format-standard","has-post-thumbnail","hentry","category-notcias-ano2025","category-ens-fund_ii","category-noticias"],"_links":{"self":[{"href":"https:\/\/redebeneditina.org.br\/isf\/wp-json\/wp\/v2\/posts\/22262","targetHints":{"allow":["GET"]}}],"collection":[{"href":"https:\/\/redebeneditina.org.br\/isf\/wp-json\/wp\/v2\/posts"}],"about":[{"href":"https:\/\/redebeneditina.org.br\/isf\/wp-json\/wp\/v2\/types\/post"}],"author":[{"embeddable":true,"href":"https:\/\/redebeneditina.org.br\/isf\/wp-json\/wp\/v2\/users\/4"}],"replies":[{"embeddable":true,"href":"https:\/\/redebeneditina.org.br\/isf\/wp-json\/wp\/v2\/comments?post=22262"}],"version-history":[{"count":2,"href":"https:\/\/redebeneditina.org.br\/isf\/wp-json\/wp\/v2\/posts\/22262\/revisions"}],"predecessor-version":[{"id":22266,"href":"https:\/\/redebeneditina.org.br\/isf\/wp-json\/wp\/v2\/posts\/22262\/revisions\/22266"}],"wp:featuredmedia":[{"embeddable":true,"href":"https:\/\/redebeneditina.org.br\/isf\/wp-json\/wp\/v2\/media\/22263"}],"wp:attachment":[{"href":"https:\/\/redebeneditina.org.br\/isf\/wp-json\/wp\/v2\/media?parent=22262"}],"wp:term":[{"taxonomy":"category","embeddable":true,"href":"https:\/\/redebeneditina.org.br\/isf\/wp-json\/wp\/v2\/categories?post=22262"},{"taxonomy":"post_tag","embeddable":true,"href":"https:\/\/redebeneditina.org.br\/isf\/wp-json\/wp\/v2\/tags?post=22262"}],"curies":[{"name":"wp","href":"https:\/\/api.w.org\/{rel}","templated":true}]}}