{"id":22267,"date":"2025-10-16T14:31:41","date_gmt":"2025-10-16T17:31:41","guid":{"rendered":"https:\/\/redebeneditina.org.br\/isf\/?p=22267"},"modified":"2025-10-16T14:31:41","modified_gmt":"2025-10-16T17:31:41","slug":"trilhas-de-aprendizado-e-inovacao-nossos-alunos-em-acao","status":"publish","type":"post","link":"https:\/\/redebeneditina.org.br\/isf\/trilhas-de-aprendizado-e-inovacao-nossos-alunos-em-acao\/","title":{"rendered":"Trilhas de Aprendizado e Inova\u00e7\u00e3o: nossos alunos em a\u00e7\u00e3o!"},"content":{"rendered":"<p>Os alunos do Ensino M\u00e9dio do Instituto Sagrada Fam\u00edlia conclu\u00edram com sucesso as trilhas formativas da plataforma Inicie Digital, parceira que apoia escolas em todo o Brasil com projetos de inova\u00e7\u00e3o, empreendedorismo e tecnologia voltados para a Educa\u00e7\u00e3o B\u00e1sica.<\/p>\n<p>Por meio dos programas S@S \u2013 Startup at School e Laborat\u00f3rio do Amanh\u00e3: An\u00e1lise de Tend\u00eancias, nossos estudantes vivenciaram experi\u00eancias que estimulam o pensamento cr\u00edtico, a criatividade e o protagonismo juvenil, aprendendo na pr\u00e1tica a transformar ideias em solu\u00e7\u00f5es para o mundo real.<\/p>\n<p>Parabenizamos todos os alunos participantes por essa conquista e reafirmamos o compromisso da nossa escola em promover uma educa\u00e7\u00e3o conectada ao futuro, que une conhecimento, prop\u00f3sito e inova\u00e7\u00e3o.<\/p>\n<p>Conhe\u00e7a mais sobre a Inicie Digital e suas trilhas educacionais em&nbsp;<a href=\"https:\/\/inicie.digital\/\">inicie.digital<\/a><\/p>\n","protected":false},"excerpt":{"rendered":"<p>Os alunos do Ensino M\u00e9dio do Instituto Sagrada Fam\u00edlia conclu\u00edram com sucesso as trilhas formativas da plataforma Inicie Digital, parceira que apoia escolas em todo o Brasil com projetos de inova\u00e7\u00e3o, empreendedorismo e tecnologia voltados para a Educa\u00e7\u00e3o B\u00e1sica. Por meio dos programas S@S \u2013 Startup at School e Laborat\u00f3rio do Amanh\u00e3: An\u00e1lise de Tend\u00eancias,&#8230;<\/p>\n","protected":false},"author":4,"featured_media":22268,"comment_status":"closed","ping_status":"closed","sticky":false,"template":"","format":"standard","meta":{"_monsterinsights_skip_tracking":false,"_monsterinsights_sitenote_active":false,"_monsterinsights_sitenote_note":"","_monsterinsights_sitenote_category":0,"ngg_post_thumbnail":0,"footnotes":""},"categories":[107,91,82],"tags":[],"class_list":["post-22267","post","type-post","status-publish","format-standard","has-post-thumbnail","hentry","category-notcias-ano2025","category-ens-medio","category-noticias"],"_links":{"self":[{"href":"https:\/\/redebeneditina.org.br\/isf\/wp-json\/wp\/v2\/posts\/22267","targetHints":{"allow":["GET"]}}],"collection":[{"href":"https:\/\/redebeneditina.org.br\/isf\/wp-json\/wp\/v2\/posts"}],"about":[{"href":"https:\/\/redebeneditina.org.br\/isf\/wp-json\/wp\/v2\/types\/post"}],"author":[{"embeddable":true,"href":"https:\/\/redebeneditina.org.br\/isf\/wp-json\/wp\/v2\/users\/4"}],"replies":[{"embeddable":true,"href":"https:\/\/redebeneditina.org.br\/isf\/wp-json\/wp\/v2\/comments?post=22267"}],"version-history":[{"count":1,"href":"https:\/\/redebeneditina.org.br\/isf\/wp-json\/wp\/v2\/posts\/22267\/revisions"}],"predecessor-version":[{"id":22269,"href":"https:\/\/redebeneditina.org.br\/isf\/wp-json\/wp\/v2\/posts\/22267\/revisions\/22269"}],"wp:featuredmedia":[{"embeddable":true,"href":"https:\/\/redebeneditina.org.br\/isf\/wp-json\/wp\/v2\/media\/22268"}],"wp:attachment":[{"href":"https:\/\/redebeneditina.org.br\/isf\/wp-json\/wp\/v2\/media?parent=22267"}],"wp:term":[{"taxonomy":"category","embeddable":true,"href":"https:\/\/redebeneditina.org.br\/isf\/wp-json\/wp\/v2\/categories?post=22267"},{"taxonomy":"post_tag","embeddable":true,"href":"https:\/\/redebeneditina.org.br\/isf\/wp-json\/wp\/v2\/tags?post=22267"}],"curies":[{"name":"wp","href":"https:\/\/api.w.org\/{rel}","templated":true}]}}