{"id":22279,"date":"2025-10-17T10:40:33","date_gmt":"2025-10-17T13:40:33","guid":{"rendered":"https:\/\/redebeneditina.org.br\/isf\/?p=22279"},"modified":"2025-10-18T10:47:42","modified_gmt":"2025-10-18T13:47:42","slug":"semana-das-criancas-no-instituto-sagrada-familia","status":"publish","type":"post","link":"https:\/\/redebeneditina.org.br\/isf\/semana-das-criancas-no-instituto-sagrada-familia\/","title":{"rendered":"Semana das Crian\u00e7as no Instituto Sagrada Fam\u00edlia"},"content":{"rendered":"<p>Durante a Semana das Crian\u00e7as, o Instituto Sagrada Fam\u00edlia se encheu de alegria e movimento!<\/p>\n<p>Foram dias repletos de atividades l\u00fadicas, brincadeiras, momentos de descontra\u00e7\u00e3o e muita divers\u00e3o. Nossos alunos puderam vivenciar experi\u00eancias que valorizam o brincar, o conv\u00edvio e o aprendizado de forma leve e significativa.<\/p>\n<p>Celebrar a inf\u00e2ncia \u00e9 reafirmar o nosso compromisso em proporcionar um ambiente acolhedor, onde cada crian\u00e7a \u00e9 protagonista do seu desenvolvimento e aprende&nbsp;com&nbsp;alegria.<\/p>\nngg_shortcode_0_placeholder\n","protected":false},"excerpt":{"rendered":"<p>Durante a Semana das Crian\u00e7as, o Instituto Sagrada Fam\u00edlia se encheu de alegria e movimento! Foram dias repletos de atividades l\u00fadicas, brincadeiras, momentos de descontra\u00e7\u00e3o e muita divers\u00e3o. Nossos alunos puderam vivenciar experi\u00eancias que valorizam o brincar, o conv\u00edvio e o aprendizado de forma leve e significativa. Celebrar a inf\u00e2ncia \u00e9 reafirmar o nosso compromisso&#8230;<\/p>\n","protected":false},"author":4,"featured_media":22347,"comment_status":"closed","ping_status":"closed","sticky":false,"template":"","format":"standard","meta":{"_monsterinsights_skip_tracking":false,"_monsterinsights_sitenote_active":false,"_monsterinsights_sitenote_note":"","_monsterinsights_sitenote_category":0,"ngg_post_thumbnail":0,"footnotes":""},"categories":[107,88,89,82],"tags":[],"class_list":["post-22279","post","type-post","status-publish","format-standard","has-post-thumbnail","hentry","category-notcias-ano2025","category-ed-infantil","category-ens-fund_i","category-noticias"],"_links":{"self":[{"href":"https:\/\/redebeneditina.org.br\/isf\/wp-json\/wp\/v2\/posts\/22279","targetHints":{"allow":["GET"]}}],"collection":[{"href":"https:\/\/redebeneditina.org.br\/isf\/wp-json\/wp\/v2\/posts"}],"about":[{"href":"https:\/\/redebeneditina.org.br\/isf\/wp-json\/wp\/v2\/types\/post"}],"author":[{"embeddable":true,"href":"https:\/\/redebeneditina.org.br\/isf\/wp-json\/wp\/v2\/users\/4"}],"replies":[{"embeddable":true,"href":"https:\/\/redebeneditina.org.br\/isf\/wp-json\/wp\/v2\/comments?post=22279"}],"version-history":[{"count":1,"href":"https:\/\/redebeneditina.org.br\/isf\/wp-json\/wp\/v2\/posts\/22279\/revisions"}],"predecessor-version":[{"id":22348,"href":"https:\/\/redebeneditina.org.br\/isf\/wp-json\/wp\/v2\/posts\/22279\/revisions\/22348"}],"wp:featuredmedia":[{"embeddable":true,"href":"https:\/\/redebeneditina.org.br\/isf\/wp-json\/wp\/v2\/media\/22347"}],"wp:attachment":[{"href":"https:\/\/redebeneditina.org.br\/isf\/wp-json\/wp\/v2\/media?parent=22279"}],"wp:term":[{"taxonomy":"category","embeddable":true,"href":"https:\/\/redebeneditina.org.br\/isf\/wp-json\/wp\/v2\/categories?post=22279"},{"taxonomy":"post_tag","embeddable":true,"href":"https:\/\/redebeneditina.org.br\/isf\/wp-json\/wp\/v2\/tags?post=22279"}],"curies":[{"name":"wp","href":"https:\/\/api.w.org\/{rel}","templated":true}]}}