{"id":22349,"date":"2025-10-20T17:01:22","date_gmt":"2025-10-20T20:01:22","guid":{"rendered":"https:\/\/redebeneditina.org.br\/isf\/?p=22349"},"modified":"2025-10-20T17:01:22","modified_gmt":"2025-10-20T20:01:22","slug":"aprender-ingles-cuidar-da-vida-5o-ano","status":"publish","type":"post","link":"https:\/\/redebeneditina.org.br\/isf\/aprender-ingles-cuidar-da-vida-5o-ano\/","title":{"rendered":"Aprender Ingl\u00eas, Cuidar da Vida! &#8211; 5\u00ba ano"},"content":{"rendered":"<p>Aprender, criar e proteger o planeta!<\/p>\n<p>No projeto CLIL (Content and Language Integrated Learning), nossos alunos do 5\u00ba ano est\u00e3o unindo Ingl\u00eas e Ci\u00eancias para desenvolver planos incr\u00edveis de prote\u00e7\u00e3o \u00e0s species in danger (esp\u00e9cies em risco de extin\u00e7\u00e3o)!<\/p>\n<p>Com criatividade, trabalho em equipe e o apoio da tecnologia, eles est\u00e3o descobrindo que aprender um novo idioma pode ir muito al\u00e9m da sala de aula: \u00e9 tamb\u00e9m uma forma de transformar&nbsp;o&nbsp;mundo.<\/p>\nngg_shortcode_0_placeholder\n","protected":false},"excerpt":{"rendered":"<p>Aprender, criar e proteger o planeta! No projeto CLIL (Content and Language Integrated Learning), nossos alunos do 5\u00ba ano est\u00e3o unindo Ingl\u00eas e Ci\u00eancias para desenvolver planos incr\u00edveis de prote\u00e7\u00e3o \u00e0s species in danger (esp\u00e9cies em risco de extin\u00e7\u00e3o)! Com criatividade, trabalho em equipe e o apoio da tecnologia, eles est\u00e3o descobrindo que aprender um&#8230;<\/p>\n","protected":false},"author":4,"featured_media":22359,"comment_status":"closed","ping_status":"closed","sticky":false,"template":"","format":"standard","meta":{"_monsterinsights_skip_tracking":false,"_monsterinsights_sitenote_active":false,"_monsterinsights_sitenote_note":"","_monsterinsights_sitenote_category":0,"ngg_post_thumbnail":0,"footnotes":""},"categories":[107,89,82],"tags":[],"class_list":["post-22349","post","type-post","status-publish","format-standard","has-post-thumbnail","hentry","category-notcias-ano2025","category-ens-fund_i","category-noticias"],"_links":{"self":[{"href":"https:\/\/redebeneditina.org.br\/isf\/wp-json\/wp\/v2\/posts\/22349","targetHints":{"allow":["GET"]}}],"collection":[{"href":"https:\/\/redebeneditina.org.br\/isf\/wp-json\/wp\/v2\/posts"}],"about":[{"href":"https:\/\/redebeneditina.org.br\/isf\/wp-json\/wp\/v2\/types\/post"}],"author":[{"embeddable":true,"href":"https:\/\/redebeneditina.org.br\/isf\/wp-json\/wp\/v2\/users\/4"}],"replies":[{"embeddable":true,"href":"https:\/\/redebeneditina.org.br\/isf\/wp-json\/wp\/v2\/comments?post=22349"}],"version-history":[{"count":1,"href":"https:\/\/redebeneditina.org.br\/isf\/wp-json\/wp\/v2\/posts\/22349\/revisions"}],"predecessor-version":[{"id":22360,"href":"https:\/\/redebeneditina.org.br\/isf\/wp-json\/wp\/v2\/posts\/22349\/revisions\/22360"}],"wp:featuredmedia":[{"embeddable":true,"href":"https:\/\/redebeneditina.org.br\/isf\/wp-json\/wp\/v2\/media\/22359"}],"wp:attachment":[{"href":"https:\/\/redebeneditina.org.br\/isf\/wp-json\/wp\/v2\/media?parent=22349"}],"wp:term":[{"taxonomy":"category","embeddable":true,"href":"https:\/\/redebeneditina.org.br\/isf\/wp-json\/wp\/v2\/categories?post=22349"},{"taxonomy":"post_tag","embeddable":true,"href":"https:\/\/redebeneditina.org.br\/isf\/wp-json\/wp\/v2\/tags?post=22349"}],"curies":[{"name":"wp","href":"https:\/\/api.w.org\/{rel}","templated":true}]}}