{"id":22361,"date":"2025-10-21T12:16:13","date_gmt":"2025-10-21T15:16:13","guid":{"rendered":"https:\/\/redebeneditina.org.br\/isf\/?p=22361"},"modified":"2025-10-21T12:16:13","modified_gmt":"2025-10-21T15:16:13","slug":"arte-sustentabilidade-e-criatividade-na-passarela-ensino-medio","status":"publish","type":"post","link":"https:\/\/redebeneditina.org.br\/isf\/arte-sustentabilidade-e-criatividade-na-passarela-ensino-medio\/","title":{"rendered":"Arte, sustentabilidade e criatividade na passarela! &#8211; Ensino M\u00e9dio"},"content":{"rendered":"<p>Os alunos da 3\u00aa s\u00e9rie do Ensino M\u00e9dio protagonizaram um verdadeiro espet\u00e1culo de criatividade com o projeto de Artes \u201cModa Sustent\u00e1vel\u201d. Utilizando materiais recicl\u00e1veis, cada grupo criou suas pr\u00f3prias roupas, inspiradas em artistas renomados e em suas obras.<\/p>\n<p>Al\u00e9m da confec\u00e7\u00e3o das pe\u00e7as, os alunos mergulharam em pesquisas sobre seus artistas escolhidos e incorporaram nas roupas elementos que representavam o estilo e as cores das obras estudadas.<\/p>\n<p>O resultado? Um desfile repleto de originalidade, aprendizado e consci\u00eancia ambiental, onde cada aluno p\u00f4de expressar sua arte e seu olhar sobre o mundo de forma \u00fanica e criativa.<\/p>\nngg_shortcode_0_placeholder\n","protected":false},"excerpt":{"rendered":"<p>Os alunos da 3\u00aa s\u00e9rie do Ensino M\u00e9dio protagonizaram um verdadeiro espet\u00e1culo de criatividade com o projeto de Artes \u201cModa Sustent\u00e1vel\u201d. Utilizando materiais recicl\u00e1veis, cada grupo criou suas pr\u00f3prias roupas, inspiradas em artistas renomados e em suas obras. Al\u00e9m da confec\u00e7\u00e3o das pe\u00e7as, os alunos mergulharam em pesquisas sobre seus artistas escolhidos e incorporaram nas&#8230;<\/p>\n","protected":false},"author":4,"featured_media":22392,"comment_status":"closed","ping_status":"closed","sticky":false,"template":"","format":"standard","meta":{"_monsterinsights_skip_tracking":false,"_monsterinsights_sitenote_active":false,"_monsterinsights_sitenote_note":"","_monsterinsights_sitenote_category":0,"ngg_post_thumbnail":0,"footnotes":""},"categories":[107,91,82],"tags":[],"class_list":["post-22361","post","type-post","status-publish","format-standard","has-post-thumbnail","hentry","category-notcias-ano2025","category-ens-medio","category-noticias"],"_links":{"self":[{"href":"https:\/\/redebeneditina.org.br\/isf\/wp-json\/wp\/v2\/posts\/22361","targetHints":{"allow":["GET"]}}],"collection":[{"href":"https:\/\/redebeneditina.org.br\/isf\/wp-json\/wp\/v2\/posts"}],"about":[{"href":"https:\/\/redebeneditina.org.br\/isf\/wp-json\/wp\/v2\/types\/post"}],"author":[{"embeddable":true,"href":"https:\/\/redebeneditina.org.br\/isf\/wp-json\/wp\/v2\/users\/4"}],"replies":[{"embeddable":true,"href":"https:\/\/redebeneditina.org.br\/isf\/wp-json\/wp\/v2\/comments?post=22361"}],"version-history":[{"count":1,"href":"https:\/\/redebeneditina.org.br\/isf\/wp-json\/wp\/v2\/posts\/22361\/revisions"}],"predecessor-version":[{"id":22393,"href":"https:\/\/redebeneditina.org.br\/isf\/wp-json\/wp\/v2\/posts\/22361\/revisions\/22393"}],"wp:featuredmedia":[{"embeddable":true,"href":"https:\/\/redebeneditina.org.br\/isf\/wp-json\/wp\/v2\/media\/22392"}],"wp:attachment":[{"href":"https:\/\/redebeneditina.org.br\/isf\/wp-json\/wp\/v2\/media?parent=22361"}],"wp:term":[{"taxonomy":"category","embeddable":true,"href":"https:\/\/redebeneditina.org.br\/isf\/wp-json\/wp\/v2\/categories?post=22361"},{"taxonomy":"post_tag","embeddable":true,"href":"https:\/\/redebeneditina.org.br\/isf\/wp-json\/wp\/v2\/tags?post=22361"}],"curies":[{"name":"wp","href":"https:\/\/api.w.org\/{rel}","templated":true}]}}