{"id":22395,"date":"2025-10-27T15:44:37","date_gmt":"2025-10-27T18:44:37","guid":{"rendered":"https:\/\/redebeneditina.org.br\/isf\/?p=22395"},"modified":"2025-10-27T15:45:50","modified_gmt":"2025-10-27T18:45:50","slug":"a-arte-de-aprender-alunos-do-2o-ano-criam-gatinhos-inspirados-em-aldemir-martins","status":"publish","type":"post","link":"https:\/\/redebeneditina.org.br\/isf\/a-arte-de-aprender-alunos-do-2o-ano-criam-gatinhos-inspirados-em-aldemir-martins\/","title":{"rendered":"A arte de aprender: alunos do 2\u00ba ano criam gatinhos inspirados em Aldemir Martins"},"content":{"rendered":"<p>Nas aulas de Arte, os alunos do 2\u00ba ano A e B do Instituto Sagrada Fam\u00edlia mergulharam no universo colorido e expressivo de Aldemir Martins, um dos grandes artistas brasileiros.<\/p>\n<p>Inspirados em suas obras, as turmas desenvolveram um projeto criativo de releitura art\u00edstica, confeccionando gatinhos de biscuit repletos de cor, forma e personalidade.<br \/>\nA atividade uniu aprendizado cultural, express\u00e3o art\u00edstica e valoriza\u00e7\u00e3o da arte brasileira, despertando o olhar sens\u00edvel e criativo das crian\u00e7as.<\/p>\n<p>Uma experi\u00eancia que mostra como a arte na escola transforma o conhecimento em inspira\u00e7\u00e3o e torna o aprendizado ainda mais&nbsp;significativo.<\/p>\nngg_shortcode_0_placeholder\n","protected":false},"excerpt":{"rendered":"<p>Nas aulas de Arte, os alunos do 2\u00ba ano A e B do Instituto Sagrada Fam\u00edlia mergulharam no universo colorido e expressivo de Aldemir Martins, um dos grandes artistas brasileiros. Inspirados em suas obras, as turmas desenvolveram um projeto criativo de releitura art\u00edstica, confeccionando gatinhos de biscuit repletos de cor, forma e personalidade. A atividade&#8230;<\/p>\n","protected":false},"author":4,"featured_media":22445,"comment_status":"closed","ping_status":"closed","sticky":false,"template":"","format":"standard","meta":{"_monsterinsights_skip_tracking":false,"_monsterinsights_sitenote_active":false,"_monsterinsights_sitenote_note":"","_monsterinsights_sitenote_category":0,"ngg_post_thumbnail":0,"footnotes":""},"categories":[89,82],"tags":[],"class_list":["post-22395","post","type-post","status-publish","format-standard","has-post-thumbnail","hentry","category-ens-fund_i","category-noticias"],"_links":{"self":[{"href":"https:\/\/redebeneditina.org.br\/isf\/wp-json\/wp\/v2\/posts\/22395","targetHints":{"allow":["GET"]}}],"collection":[{"href":"https:\/\/redebeneditina.org.br\/isf\/wp-json\/wp\/v2\/posts"}],"about":[{"href":"https:\/\/redebeneditina.org.br\/isf\/wp-json\/wp\/v2\/types\/post"}],"author":[{"embeddable":true,"href":"https:\/\/redebeneditina.org.br\/isf\/wp-json\/wp\/v2\/users\/4"}],"replies":[{"embeddable":true,"href":"https:\/\/redebeneditina.org.br\/isf\/wp-json\/wp\/v2\/comments?post=22395"}],"version-history":[{"count":2,"href":"https:\/\/redebeneditina.org.br\/isf\/wp-json\/wp\/v2\/posts\/22395\/revisions"}],"predecessor-version":[{"id":22448,"href":"https:\/\/redebeneditina.org.br\/isf\/wp-json\/wp\/v2\/posts\/22395\/revisions\/22448"}],"wp:featuredmedia":[{"embeddable":true,"href":"https:\/\/redebeneditina.org.br\/isf\/wp-json\/wp\/v2\/media\/22445"}],"wp:attachment":[{"href":"https:\/\/redebeneditina.org.br\/isf\/wp-json\/wp\/v2\/media?parent=22395"}],"wp:term":[{"taxonomy":"category","embeddable":true,"href":"https:\/\/redebeneditina.org.br\/isf\/wp-json\/wp\/v2\/categories?post=22395"},{"taxonomy":"post_tag","embeddable":true,"href":"https:\/\/redebeneditina.org.br\/isf\/wp-json\/wp\/v2\/tags?post=22395"}],"curies":[{"name":"wp","href":"https:\/\/api.w.org\/{rel}","templated":true}]}}