{"id":22805,"date":"2025-12-08T14:20:59","date_gmt":"2025-12-08T17:20:59","guid":{"rendered":"https:\/\/redebeneditina.org.br\/isf\/?p=22805"},"modified":"2025-12-08T14:20:59","modified_gmt":"2025-12-08T17:20:59","slug":"cantata-de-natal-educacao-infantil-ao-5o-ano","status":"publish","type":"post","link":"https:\/\/redebeneditina.org.br\/isf\/cantata-de-natal-educacao-infantil-ao-5o-ano\/","title":{"rendered":"Cantata de Natal &#8211; Educa\u00e7\u00e3o Infantil ao 5\u00ba ano"},"content":{"rendered":"<p>A Cantata de Natal encantou nossos cora\u00e7\u00f5es e iluminou nossa escola com o talento e a alegria das turmas da Educa\u00e7\u00e3o Infantil ao 5\u00ba ano.<\/p>\n<p>Em cada m\u00fasica, vimos a esperan\u00e7a renascer; em cada sorriso, a presen\u00e7a viva do amor que celebramos neste tempo t\u00e3o especial.<\/p>\n<p>Agradecemos \u00e0s fam\u00edlias pela parceria e carinho, e aos nossos alunos por nos lembrarem, com pureza e verdade, o verdadeiro sentido do Natal.<\/p>\nngg_shortcode_0_placeholder\n","protected":false},"excerpt":{"rendered":"<p>A Cantata de Natal encantou nossos cora\u00e7\u00f5es e iluminou nossa escola com o talento e a alegria das turmas da Educa\u00e7\u00e3o Infantil ao 5\u00ba ano. Em cada m\u00fasica, vimos a esperan\u00e7a renascer; em cada sorriso, a presen\u00e7a viva do amor que celebramos neste tempo t\u00e3o especial. Agradecemos \u00e0s fam\u00edlias pela parceria e carinho, e aos&#8230;<\/p>\n","protected":false},"author":4,"featured_media":22848,"comment_status":"closed","ping_status":"closed","sticky":false,"template":"","format":"standard","meta":{"_monsterinsights_skip_tracking":false,"_monsterinsights_sitenote_active":false,"_monsterinsights_sitenote_note":"","_monsterinsights_sitenote_category":0,"ngg_post_thumbnail":0,"footnotes":""},"categories":[107,88,89,82,94],"tags":[],"class_list":["post-22805","post","type-post","status-publish","format-standard","has-post-thumbnail","hentry","category-notcias-ano2025","category-ed-infantil","category-ens-fund_i","category-noticias","category-pastoral-escolar"],"_links":{"self":[{"href":"https:\/\/redebeneditina.org.br\/isf\/wp-json\/wp\/v2\/posts\/22805","targetHints":{"allow":["GET"]}}],"collection":[{"href":"https:\/\/redebeneditina.org.br\/isf\/wp-json\/wp\/v2\/posts"}],"about":[{"href":"https:\/\/redebeneditina.org.br\/isf\/wp-json\/wp\/v2\/types\/post"}],"author":[{"embeddable":true,"href":"https:\/\/redebeneditina.org.br\/isf\/wp-json\/wp\/v2\/users\/4"}],"replies":[{"embeddable":true,"href":"https:\/\/redebeneditina.org.br\/isf\/wp-json\/wp\/v2\/comments?post=22805"}],"version-history":[{"count":1,"href":"https:\/\/redebeneditina.org.br\/isf\/wp-json\/wp\/v2\/posts\/22805\/revisions"}],"predecessor-version":[{"id":22849,"href":"https:\/\/redebeneditina.org.br\/isf\/wp-json\/wp\/v2\/posts\/22805\/revisions\/22849"}],"wp:featuredmedia":[{"embeddable":true,"href":"https:\/\/redebeneditina.org.br\/isf\/wp-json\/wp\/v2\/media\/22848"}],"wp:attachment":[{"href":"https:\/\/redebeneditina.org.br\/isf\/wp-json\/wp\/v2\/media?parent=22805"}],"wp:term":[{"taxonomy":"category","embeddable":true,"href":"https:\/\/redebeneditina.org.br\/isf\/wp-json\/wp\/v2\/categories?post=22805"},{"taxonomy":"post_tag","embeddable":true,"href":"https:\/\/redebeneditina.org.br\/isf\/wp-json\/wp\/v2\/tags?post=22805"}],"curies":[{"name":"wp","href":"https:\/\/api.w.org\/{rel}","templated":true}]}}