{"id":23050,"date":"2026-01-22T14:58:47","date_gmt":"2026-01-22T17:58:47","guid":{"rendered":"https:\/\/redebeneditina.org.br\/isf\/?p=23050"},"modified":"2026-01-22T14:58:47","modified_gmt":"2026-01-22T17:58:47","slug":"volta-as-aulas-2026","status":"publish","type":"post","link":"https:\/\/redebeneditina.org.br\/isf\/volta-as-aulas-2026\/","title":{"rendered":"Volta \u00e0s aulas 2026"},"content":{"rendered":"<p>Sejam bem-vindos a um novo ano letivo!<\/p>\n<p>\u00c9 tempo de recome\u00e7ar, de abrir caminhos, renovar esperan\u00e7as e escrever novas hist\u00f3rias de aprendizagem, conviv\u00eancia e crescimento. Que cada encontro fortale\u00e7a nossa miss\u00e3o de Acolher, Assistir e Educar, formando com amor e prop\u00f3sito.<br class=\"html-br\"><br class=\"html-br\">Estamos prontos para caminhar juntos em mais um ano de descobertas!<\/p>\n","protected":false},"excerpt":{"rendered":"<p>Sejam bem-vindos a um novo ano letivo! \u00c9 tempo de recome\u00e7ar, de abrir caminhos, renovar esperan\u00e7as e escrever novas hist\u00f3rias de aprendizagem, conviv\u00eancia e crescimento. Que cada encontro fortale\u00e7a nossa miss\u00e3o de Acolher, Assistir e Educar, formando com amor e prop\u00f3sito.Estamos prontos para caminhar juntos em mais um ano de descobertas!<\/p>\n","protected":false},"author":4,"featured_media":23051,"comment_status":"closed","ping_status":"closed","sticky":false,"template":"","format":"standard","meta":{"_monsterinsights_skip_tracking":false,"_monsterinsights_sitenote_active":false,"_monsterinsights_sitenote_note":"","_monsterinsights_sitenote_category":0,"ngg_post_thumbnail":0,"footnotes":""},"categories":[110,88,89,90,91,82],"tags":[],"class_list":["post-23050","post","type-post","status-publish","format-standard","has-post-thumbnail","hentry","category-noticias-ano2026","category-ed-infantil","category-ens-fund_i","category-ens-fund_ii","category-ens-medio","category-noticias"],"_links":{"self":[{"href":"https:\/\/redebeneditina.org.br\/isf\/wp-json\/wp\/v2\/posts\/23050","targetHints":{"allow":["GET"]}}],"collection":[{"href":"https:\/\/redebeneditina.org.br\/isf\/wp-json\/wp\/v2\/posts"}],"about":[{"href":"https:\/\/redebeneditina.org.br\/isf\/wp-json\/wp\/v2\/types\/post"}],"author":[{"embeddable":true,"href":"https:\/\/redebeneditina.org.br\/isf\/wp-json\/wp\/v2\/users\/4"}],"replies":[{"embeddable":true,"href":"https:\/\/redebeneditina.org.br\/isf\/wp-json\/wp\/v2\/comments?post=23050"}],"version-history":[{"count":1,"href":"https:\/\/redebeneditina.org.br\/isf\/wp-json\/wp\/v2\/posts\/23050\/revisions"}],"predecessor-version":[{"id":23052,"href":"https:\/\/redebeneditina.org.br\/isf\/wp-json\/wp\/v2\/posts\/23050\/revisions\/23052"}],"wp:featuredmedia":[{"embeddable":true,"href":"https:\/\/redebeneditina.org.br\/isf\/wp-json\/wp\/v2\/media\/23051"}],"wp:attachment":[{"href":"https:\/\/redebeneditina.org.br\/isf\/wp-json\/wp\/v2\/media?parent=23050"}],"wp:term":[{"taxonomy":"category","embeddable":true,"href":"https:\/\/redebeneditina.org.br\/isf\/wp-json\/wp\/v2\/categories?post=23050"},{"taxonomy":"post_tag","embeddable":true,"href":"https:\/\/redebeneditina.org.br\/isf\/wp-json\/wp\/v2\/tags?post=23050"}],"curies":[{"name":"wp","href":"https:\/\/api.w.org\/{rel}","templated":true}]}}