{"id":23383,"date":"2026-03-06T09:21:38","date_gmt":"2026-03-06T12:21:38","guid":{"rendered":"https:\/\/redebeneditina.org.br\/isf\/?p=23383"},"modified":"2026-03-06T09:21:38","modified_gmt":"2026-03-06T12:21:38","slug":"instituto-sagrada-familia-muito-alem-do-ensino-formacao-para-a-vida","status":"publish","type":"post","link":"https:\/\/redebeneditina.org.br\/isf\/instituto-sagrada-familia-muito-alem-do-ensino-formacao-para-a-vida\/","title":{"rendered":"Instituto Sagrada Fam\u00edlia \u2013 Muito al\u00e9m do Ensino, Forma\u00e7\u00e3o para a Vida"},"content":{"rendered":"<p>Em nossa escola, acreditamos que a educa\u00e7\u00e3o vai muito al\u00e9m do conte\u00fado acad\u00eamico. Nosso compromisso \u00e9 oferecer uma forma\u00e7\u00e3o integral, que une conhecimento, valores humanos e desenvolvimento pessoal.<\/p>\n<p>Aqui, os alunos encontram um ambiente marcado pelo acolhimento, pelo cuidado e pela constru\u00e7\u00e3o de rela\u00e7\u00f5es significativas. Cada aula, atividade e projeto s\u00e3o pensados para estimular o aprendizado, fortalecer o pensamento cr\u00edtico e incentivar o protagonismo dos estudantes.<\/p>\n<p>Mais do que ensinar disciplinas, buscamos formar pessoas preparadas para os desafios do mundo, capazes de agir com responsabilidade, empatia e prop\u00f3sito.<\/p>\n<p>Ser uma escola alto em educa\u00e7\u00e3o tamb\u00e9m significa ser alto em valores, em dedica\u00e7\u00e3o e em compromisso com cada aluno e sua trajet\u00f3ria.<\/p>\n<p>Seguimos firmes em nossa miss\u00e3o de educar para a vida, promovendo uma experi\u00eancia escolar que une conhecimento, inova\u00e7\u00e3o e forma\u00e7\u00e3o humana.<\/p>\n<p>Acolher, Assistir e Educar.<\/p>\nngg_shortcode_0_placeholder\n","protected":false},"excerpt":{"rendered":"<p>Em nossa escola, acreditamos que a educa\u00e7\u00e3o vai muito al\u00e9m do conte\u00fado acad\u00eamico. Nosso compromisso \u00e9 oferecer uma forma\u00e7\u00e3o integral, que une conhecimento, valores humanos e desenvolvimento pessoal. Aqui, os alunos encontram um ambiente marcado pelo acolhimento, pelo cuidado e pela constru\u00e7\u00e3o de rela\u00e7\u00f5es significativas. Cada aula, atividade e projeto s\u00e3o pensados para estimular o&#8230;<\/p>\n","protected":false},"author":4,"featured_media":23384,"comment_status":"closed","ping_status":"closed","sticky":false,"template":"","format":"standard","meta":{"_monsterinsights_skip_tracking":false,"_monsterinsights_sitenote_active":false,"_monsterinsights_sitenote_note":"","_monsterinsights_sitenote_category":0,"ngg_post_thumbnail":0,"footnotes":""},"categories":[110,88,89,90,91,82,94],"tags":[],"class_list":["post-23383","post","type-post","status-publish","format-standard","has-post-thumbnail","hentry","category-noticias-ano2026","category-ed-infantil","category-ens-fund_i","category-ens-fund_ii","category-ens-medio","category-noticias","category-pastoral-escolar"],"_links":{"self":[{"href":"https:\/\/redebeneditina.org.br\/isf\/wp-json\/wp\/v2\/posts\/23383","targetHints":{"allow":["GET"]}}],"collection":[{"href":"https:\/\/redebeneditina.org.br\/isf\/wp-json\/wp\/v2\/posts"}],"about":[{"href":"https:\/\/redebeneditina.org.br\/isf\/wp-json\/wp\/v2\/types\/post"}],"author":[{"embeddable":true,"href":"https:\/\/redebeneditina.org.br\/isf\/wp-json\/wp\/v2\/users\/4"}],"replies":[{"embeddable":true,"href":"https:\/\/redebeneditina.org.br\/isf\/wp-json\/wp\/v2\/comments?post=23383"}],"version-history":[{"count":1,"href":"https:\/\/redebeneditina.org.br\/isf\/wp-json\/wp\/v2\/posts\/23383\/revisions"}],"predecessor-version":[{"id":23397,"href":"https:\/\/redebeneditina.org.br\/isf\/wp-json\/wp\/v2\/posts\/23383\/revisions\/23397"}],"wp:featuredmedia":[{"embeddable":true,"href":"https:\/\/redebeneditina.org.br\/isf\/wp-json\/wp\/v2\/media\/23384"}],"wp:attachment":[{"href":"https:\/\/redebeneditina.org.br\/isf\/wp-json\/wp\/v2\/media?parent=23383"}],"wp:term":[{"taxonomy":"category","embeddable":true,"href":"https:\/\/redebeneditina.org.br\/isf\/wp-json\/wp\/v2\/categories?post=23383"},{"taxonomy":"post_tag","embeddable":true,"href":"https:\/\/redebeneditina.org.br\/isf\/wp-json\/wp\/v2\/tags?post=23383"}],"curies":[{"name":"wp","href":"https:\/\/api.w.org\/{rel}","templated":true}]}}