{"id":23398,"date":"2026-03-09T09:39:59","date_gmt":"2026-03-09T12:39:59","guid":{"rendered":"https:\/\/redebeneditina.org.br\/isf\/?p=23398"},"modified":"2026-03-09T09:47:07","modified_gmt":"2026-03-09T12:47:07","slug":"acampamedio-integracao-reflexao-e-momentos-inesqueciveis","status":"publish","type":"post","link":"https:\/\/redebeneditina.org.br\/isf\/acampamedio-integracao-reflexao-e-momentos-inesqueciveis\/","title":{"rendered":"AcampaM\u00e9dio: integra\u00e7\u00e3o, reflex\u00e3o e momentos inesquec\u00edveis"},"content":{"rendered":"<p>Neste final de semana, nossos alunos do Ensino M\u00e9dio participaram de mais uma edi\u00e7\u00e3o do AcampaM\u00e9dio, uma experi\u00eancia especial que proporcionou momentos de divers\u00e3o, conviv\u00eancia e crescimento.<\/p>\n<p>Durante o encontro, os estudantes participaram de diversas atividades que estimularam a integra\u00e7\u00e3o, o trabalho em equipe e o fortalecimento dos la\u00e7os de amizade e companheirismo. Al\u00e9m das din\u00e2micas e momentos de lazer, tamb\u00e9m houve um espa\u00e7o dedicado \u00e0 reflex\u00e3o e ao desenvolvimento pessoal, refor\u00e7ando valores importantes para a forma\u00e7\u00e3o humana.<\/p>\n<p>Experi\u00eancias como o AcampaM\u00e9dio fazem parte da nossa proposta de forma\u00e7\u00e3o integral, que busca ir al\u00e9m da sala de aula e proporcionar viv\u00eancias significativas para os alunos. S\u00e3o momentos que fortalecem v\u00ednculos, promovem o respeito m\u00fatuo e contribuem para a constru\u00e7\u00e3o de uma comunidade escolar cada vez mais unida.<\/p>\n<p>Seguimos acreditando que educar tamb\u00e9m \u00e9 proporcionar experi\u00eancias que marcam a vida e contribuem para o crescimento pessoal de cada estudante.<\/p>\nngg_shortcode_0_placeholder\n","protected":false},"excerpt":{"rendered":"<p>Neste final de semana, nossos alunos do Ensino M\u00e9dio participaram de mais uma edi\u00e7\u00e3o do AcampaM\u00e9dio, uma experi\u00eancia especial que proporcionou momentos de divers\u00e3o, conviv\u00eancia e crescimento. Durante o encontro, os estudantes participaram de diversas atividades que estimularam a integra\u00e7\u00e3o, o trabalho em equipe e o fortalecimento dos la\u00e7os de amizade e companheirismo. Al\u00e9m das&#8230;<\/p>\n","protected":false},"author":4,"featured_media":23399,"comment_status":"closed","ping_status":"closed","sticky":false,"template":"","format":"standard","meta":{"_monsterinsights_skip_tracking":false,"_monsterinsights_sitenote_active":false,"_monsterinsights_sitenote_note":"","_monsterinsights_sitenote_category":0,"ngg_post_thumbnail":0,"footnotes":""},"categories":[110,91,82,94],"tags":[],"class_list":["post-23398","post","type-post","status-publish","format-standard","has-post-thumbnail","hentry","category-noticias-ano2026","category-ens-medio","category-noticias","category-pastoral-escolar"],"_links":{"self":[{"href":"https:\/\/redebeneditina.org.br\/isf\/wp-json\/wp\/v2\/posts\/23398","targetHints":{"allow":["GET"]}}],"collection":[{"href":"https:\/\/redebeneditina.org.br\/isf\/wp-json\/wp\/v2\/posts"}],"about":[{"href":"https:\/\/redebeneditina.org.br\/isf\/wp-json\/wp\/v2\/types\/post"}],"author":[{"embeddable":true,"href":"https:\/\/redebeneditina.org.br\/isf\/wp-json\/wp\/v2\/users\/4"}],"replies":[{"embeddable":true,"href":"https:\/\/redebeneditina.org.br\/isf\/wp-json\/wp\/v2\/comments?post=23398"}],"version-history":[{"count":1,"href":"https:\/\/redebeneditina.org.br\/isf\/wp-json\/wp\/v2\/posts\/23398\/revisions"}],"predecessor-version":[{"id":23430,"href":"https:\/\/redebeneditina.org.br\/isf\/wp-json\/wp\/v2\/posts\/23398\/revisions\/23430"}],"wp:featuredmedia":[{"embeddable":true,"href":"https:\/\/redebeneditina.org.br\/isf\/wp-json\/wp\/v2\/media\/23399"}],"wp:attachment":[{"href":"https:\/\/redebeneditina.org.br\/isf\/wp-json\/wp\/v2\/media?parent=23398"}],"wp:term":[{"taxonomy":"category","embeddable":true,"href":"https:\/\/redebeneditina.org.br\/isf\/wp-json\/wp\/v2\/categories?post=23398"},{"taxonomy":"post_tag","embeddable":true,"href":"https:\/\/redebeneditina.org.br\/isf\/wp-json\/wp\/v2\/tags?post=23398"}],"curies":[{"name":"wp","href":"https:\/\/api.w.org\/{rel}","templated":true}]}}