{"id":23431,"date":"2026-03-16T10:24:25","date_gmt":"2026-03-16T13:24:25","guid":{"rendered":"https:\/\/redebeneditina.org.br\/isf\/?p=23431"},"modified":"2026-03-16T10:24:25","modified_gmt":"2026-03-16T13:24:25","slug":"festa-neon-um-momento-de-integracao-alegria-e-convivencia-entre-os-alunos","status":"publish","type":"post","link":"https:\/\/redebeneditina.org.br\/isf\/festa-neon-um-momento-de-integracao-alegria-e-convivencia-entre-os-alunos\/","title":{"rendered":"Festa Neon: um momento de integra\u00e7\u00e3o, alegria e conviv\u00eancia entre os alunos"},"content":{"rendered":"<p>Nossa Festa Neon foi um momento especial de alegria, integra\u00e7\u00e3o e conviv\u00eancia entre os alunos. Em um ambiente cheio de cores, m\u00fasica e anima\u00e7\u00e3o, os estudantes puderam celebrar juntos, fortalecendo os la\u00e7os de amizade e vivendo experi\u00eancias marcantes dentro da vida escolar.<\/p>\n<p>A proposta da atividade foi proporcionar um momento de descontra\u00e7\u00e3o e intera\u00e7\u00e3o, valorizando a conviv\u00eancia saud\u00e1vel entre os alunos e refor\u00e7ando a import\u00e2ncia do ambiente escolar como espa\u00e7o de forma\u00e7\u00e3o integral.<\/p>\n<p>Eventos como a Festa Neon fazem parte das iniciativas que promovem o desenvolvimento social e emocional dos estudantes, incentivando a amizade, o respeito e o esp\u00edrito de comunidade.<\/p>\n<p>Mais do que um momento de divers\u00e3o, foi tamb\u00e9m uma oportunidade de construir mem\u00f3rias e fortalecer o sentimento de pertencimento \u00e0 nossa comunidade educativa.<\/p>\n<p>Seguimos acreditando em uma educa\u00e7\u00e3o que une aprendizado, conviv\u00eancia e experi\u00eancias significativas para a forma\u00e7\u00e3o dos nossos alunos.<\/p>\nngg_shortcode_0_placeholder\n","protected":false},"excerpt":{"rendered":"<p>Nossa Festa Neon foi um momento especial de alegria, integra\u00e7\u00e3o e conviv\u00eancia entre os alunos. Em um ambiente cheio de cores, m\u00fasica e anima\u00e7\u00e3o, os estudantes puderam celebrar juntos, fortalecendo os la\u00e7os de amizade e vivendo experi\u00eancias marcantes dentro da vida escolar. A proposta da atividade foi proporcionar um momento de descontra\u00e7\u00e3o e intera\u00e7\u00e3o, valorizando&#8230;<\/p>\n","protected":false},"author":4,"featured_media":23432,"comment_status":"closed","ping_status":"closed","sticky":false,"template":"","format":"standard","meta":{"_monsterinsights_skip_tracking":false,"_monsterinsights_sitenote_active":false,"_monsterinsights_sitenote_note":"","_monsterinsights_sitenote_category":0,"ngg_post_thumbnail":0,"footnotes":""},"categories":[89],"tags":[],"class_list":["post-23431","post","type-post","status-publish","format-standard","has-post-thumbnail","hentry","category-ens-fund_i"],"_links":{"self":[{"href":"https:\/\/redebeneditina.org.br\/isf\/wp-json\/wp\/v2\/posts\/23431","targetHints":{"allow":["GET"]}}],"collection":[{"href":"https:\/\/redebeneditina.org.br\/isf\/wp-json\/wp\/v2\/posts"}],"about":[{"href":"https:\/\/redebeneditina.org.br\/isf\/wp-json\/wp\/v2\/types\/post"}],"author":[{"embeddable":true,"href":"https:\/\/redebeneditina.org.br\/isf\/wp-json\/wp\/v2\/users\/4"}],"replies":[{"embeddable":true,"href":"https:\/\/redebeneditina.org.br\/isf\/wp-json\/wp\/v2\/comments?post=23431"}],"version-history":[{"count":1,"href":"https:\/\/redebeneditina.org.br\/isf\/wp-json\/wp\/v2\/posts\/23431\/revisions"}],"predecessor-version":[{"id":23473,"href":"https:\/\/redebeneditina.org.br\/isf\/wp-json\/wp\/v2\/posts\/23431\/revisions\/23473"}],"wp:featuredmedia":[{"embeddable":true,"href":"https:\/\/redebeneditina.org.br\/isf\/wp-json\/wp\/v2\/media\/23432"}],"wp:attachment":[{"href":"https:\/\/redebeneditina.org.br\/isf\/wp-json\/wp\/v2\/media?parent=23431"}],"wp:term":[{"taxonomy":"category","embeddable":true,"href":"https:\/\/redebeneditina.org.br\/isf\/wp-json\/wp\/v2\/categories?post=23431"},{"taxonomy":"post_tag","embeddable":true,"href":"https:\/\/redebeneditina.org.br\/isf\/wp-json\/wp\/v2\/tags?post=23431"}],"curies":[{"name":"wp","href":"https:\/\/api.w.org\/{rel}","templated":true}]}}