{"id":24639,"date":"2026-09-02T14:30:09","date_gmt":"2026-09-02T17:30:09","guid":{"rendered":"https:\/\/redebeneditina.org.br\/isf\/?p=24639"},"modified":"2026-09-02T14:30:09","modified_gmt":"2026-09-02T17:30:09","slug":"robotica-construindo-experimentando-e-aprendendo-3o-ano","status":"publish","type":"post","link":"https:\/\/redebeneditina.org.br\/isf\/robotica-construindo-experimentando-e-aprendendo-3o-ano\/","title":{"rendered":"Rob\u00f3tica: construindo, experimentando e aprendendo! &#8211; 3\u00ba ano"},"content":{"rendered":"<p>Nas aulas de Rob\u00f3tica, os alunos do 3\u00ba ano dos Anos Iniciais colocaram a criatividade e o pensamento l\u00f3gico em a\u00e7\u00e3o ao constru\u00edrem diferentes modelos de rob\u00f4s: arb\u00f3reo, quadr\u00fapede e batedor de asas.<\/p>\n<p>Durante a atividade, os estudantes exploraram conceitos de movimento, estrutura, equil\u00edbrio e funcionamento, transformando ideias em constru\u00e7\u00f5es que ganharam vida por meio da tecnologia.<\/p>\n<p>Mais do que construir rob\u00f4s, a experi\u00eancia proporcionou momentos de investiga\u00e7\u00e3o, resolu\u00e7\u00e3o de desafios, colabora\u00e7\u00e3o e aprendizagem na pr\u00e1tica, mostrando que a tecnologia tamb\u00e9m pode ser uma poderosa ferramenta para despertar a curiosidade e o protagonismo desde os primeiros anos.<\/p>\n<p>No ISF, nossos alunos aprendem fazendo, criando e descobrindo novas possibilidades!<\/p>\nngg_shortcode_0_placeholder\n","protected":false},"excerpt":{"rendered":"<p>Nas aulas de Rob\u00f3tica, os alunos do 3\u00ba ano dos Anos Iniciais colocaram a criatividade e o pensamento l\u00f3gico em a\u00e7\u00e3o ao constru\u00edrem diferentes modelos de rob\u00f4s: arb\u00f3reo, quadr\u00fapede e batedor de asas. Durante a atividade, os estudantes exploraram conceitos de movimento, estrutura, equil\u00edbrio e funcionamento, transformando ideias em constru\u00e7\u00f5es que ganharam vida por meio&#8230;<\/p>\n","protected":false},"author":4,"featured_media":24640,"comment_status":"closed","ping_status":"closed","sticky":false,"template":"","format":"standard","meta":{"_monsterinsights_skip_tracking":false,"ngg_post_thumbnail":0,"footnotes":""},"categories":[110,89,82],"tags":[],"class_list":["post-24639","post","type-post","status-publish","format-standard","has-post-thumbnail","hentry","category-noticias-ano2026","category-ens-fund_i","category-noticias"],"_links":{"self":[{"href":"https:\/\/redebeneditina.org.br\/isf\/wp-json\/wp\/v2\/posts\/24639","targetHints":{"allow":["GET"]}}],"collection":[{"href":"https:\/\/redebeneditina.org.br\/isf\/wp-json\/wp\/v2\/posts"}],"about":[{"href":"https:\/\/redebeneditina.org.br\/isf\/wp-json\/wp\/v2\/types\/post"}],"author":[{"embeddable":true,"href":"https:\/\/redebeneditina.org.br\/isf\/wp-json\/wp\/v2\/users\/4"}],"replies":[{"embeddable":true,"href":"https:\/\/redebeneditina.org.br\/isf\/wp-json\/wp\/v2\/comments?post=24639"}],"version-history":[{"count":1,"href":"https:\/\/redebeneditina.org.br\/isf\/wp-json\/wp\/v2\/posts\/24639\/revisions"}],"predecessor-version":[{"id":24679,"href":"https:\/\/redebeneditina.org.br\/isf\/wp-json\/wp\/v2\/posts\/24639\/revisions\/24679"}],"wp:featuredmedia":[{"embeddable":true,"href":"https:\/\/redebeneditina.org.br\/isf\/wp-json\/wp\/v2\/media\/24640"}],"wp:attachment":[{"href":"https:\/\/redebeneditina.org.br\/isf\/wp-json\/wp\/v2\/media?parent=24639"}],"wp:term":[{"taxonomy":"category","embeddable":true,"href":"https:\/\/redebeneditina.org.br\/isf\/wp-json\/wp\/v2\/categories?post=24639"},{"taxonomy":"post_tag","embeddable":true,"href":"https:\/\/redebeneditina.org.br\/isf\/wp-json\/wp\/v2\/tags?post=24639"}],"curies":[{"name":"wp","href":"https:\/\/api.w.org\/{rel}","templated":true}]}}