{"id":11336,"date":"2023-05-10T15:44:48","date_gmt":"2023-05-10T15:44:48","guid":{"rendered":"https:\/\/redebeneditina.org.br\/ispx\/?p=11336"},"modified":"2023-05-16T23:23:39","modified_gmt":"2023-05-16T23:23:39","slug":"animais-2o-ano-b","status":"publish","type":"post","link":"https:\/\/redebeneditina.org.br\/ispx\/animais-2o-ano-b\/","title":{"rendered":"Animais &#8211; 2\u00ba ano B"},"content":{"rendered":"<p>&nbsp;<\/p>\n<p>&nbsp;<\/p>\n<p>As crian\u00e7as do 2\u00b0 ano B aprenderam sobre bichinhos de jardins e animais silvestres. Fizeram uma competi\u00e7\u00e3o de qual grupo conseguiria levar o rob\u00f4 para o lugar indicado.<\/p>\n<p>Qual grupo ganhou?<\/p>\n<p>Confira as fotos:<\/p>\n<p>Animais &#8211; 2\u00ba ano B<\/p>\n","protected":false},"excerpt":{"rendered":"<p>&nbsp; &nbsp; As crian\u00e7as do 2\u00b0 ano B aprenderam sobre bichinhos de jardins e animais silvestres. Fizeram uma competi\u00e7\u00e3o de qual grupo conseguiria levar o rob\u00f4 para o lugar indicado. Qual grupo ganhou? Confira as fotos: Animais &#8211; 2\u00ba ano B<\/p>\n","protected":false},"author":2,"featured_media":11379,"comment_status":"open","ping_status":"open","sticky":false,"template":"","format":"standard","meta":{"_monsterinsights_skip_tracking":false,"_monsterinsights_sitenote_active":false,"_monsterinsights_sitenote_note":"","_monsterinsights_sitenote_category":0,"ngg_post_thumbnail":0,"footnotes":""},"categories":[84,88,82],"tags":[],"class_list":["post-11336","post","type-post","status-publish","format-standard","has-post-thumbnail","hentry","category-ano-2023","category-ed-infantil","category-noticias"],"_links":{"self":[{"href":"https:\/\/redebeneditina.org.br\/ispx\/wp-json\/wp\/v2\/posts\/11336","targetHints":{"allow":["GET"]}}],"collection":[{"href":"https:\/\/redebeneditina.org.br\/ispx\/wp-json\/wp\/v2\/posts"}],"about":[{"href":"https:\/\/redebeneditina.org.br\/ispx\/wp-json\/wp\/v2\/types\/post"}],"author":[{"embeddable":true,"href":"https:\/\/redebeneditina.org.br\/ispx\/wp-json\/wp\/v2\/users\/2"}],"replies":[{"embeddable":true,"href":"https:\/\/redebeneditina.org.br\/ispx\/wp-json\/wp\/v2\/comments?post=11336"}],"version-history":[{"count":0,"href":"https:\/\/redebeneditina.org.br\/ispx\/wp-json\/wp\/v2\/posts\/11336\/revisions"}],"wp:featuredmedia":[{"embeddable":true,"href":"https:\/\/redebeneditina.org.br\/ispx\/wp-json\/wp\/v2\/media\/11379"}],"wp:attachment":[{"href":"https:\/\/redebeneditina.org.br\/ispx\/wp-json\/wp\/v2\/media?parent=11336"}],"wp:term":[{"taxonomy":"category","embeddable":true,"href":"https:\/\/redebeneditina.org.br\/ispx\/wp-json\/wp\/v2\/categories?post=11336"},{"taxonomy":"post_tag","embeddable":true,"href":"https:\/\/redebeneditina.org.br\/ispx\/wp-json\/wp\/v2\/tags?post=11336"}],"curies":[{"name":"wp","href":"https:\/\/api.w.org\/{rel}","templated":true}]}}