{"id":11348,"date":"2023-06-06T15:37:25","date_gmt":"2023-06-06T15:37:25","guid":{"rendered":"https:\/\/redebeneditina.org.br\/ispx\/?p=11348"},"modified":"2023-06-22T14:12:39","modified_gmt":"2023-06-22T14:12:39","slug":"acrostico-da-ressurreicao-9o-ano","status":"publish","type":"post","link":"https:\/\/redebeneditina.org.br\/ispx\/acrostico-da-ressurreicao-9o-ano\/","title":{"rendered":"Acr\u00f3stico da Ressurrei\u00e7\u00e3o &#8211; 9\u00ba ano"},"content":{"rendered":"<p>Os alunos dos 9\u00ba anos estudaram na aula de ensino religioso o significado da P\u00e1scoa e elaboraram um acr\u00f3stico sobre a Ressurrei\u00e7\u00e3o. Os resultados foram mensagens reflexivas.<\/p>\n<p>Confira as fotos:<\/p>\n<p>&nbsp;<\/p>\n","protected":false},"excerpt":{"rendered":"<p>Os alunos dos 9\u00ba anos estudaram na aula de ensino religioso o significado da P\u00e1scoa e elaboraram um acr\u00f3stico sobre a Ressurrei\u00e7\u00e3o. Os resultados foram mensagens reflexivas. Confira as fotos: &nbsp;<\/p>\n","protected":false},"author":2,"featured_media":11349,"comment_status":"open","ping_status":"open","sticky":false,"template":"","format":"standard","meta":{"_monsterinsights_skip_tracking":false,"_monsterinsights_sitenote_active":false,"_monsterinsights_sitenote_note":"","_monsterinsights_sitenote_category":0,"ngg_post_thumbnail":0,"footnotes":""},"categories":[84,90,82],"tags":[],"class_list":["post-11348","post","type-post","status-publish","format-standard","has-post-thumbnail","hentry","category-ano-2023","category-ens-fund_ii","category-noticias"],"_links":{"self":[{"href":"https:\/\/redebeneditina.org.br\/ispx\/wp-json\/wp\/v2\/posts\/11348","targetHints":{"allow":["GET"]}}],"collection":[{"href":"https:\/\/redebeneditina.org.br\/ispx\/wp-json\/wp\/v2\/posts"}],"about":[{"href":"https:\/\/redebeneditina.org.br\/ispx\/wp-json\/wp\/v2\/types\/post"}],"author":[{"embeddable":true,"href":"https:\/\/redebeneditina.org.br\/ispx\/wp-json\/wp\/v2\/users\/2"}],"replies":[{"embeddable":true,"href":"https:\/\/redebeneditina.org.br\/ispx\/wp-json\/wp\/v2\/comments?post=11348"}],"version-history":[{"count":0,"href":"https:\/\/redebeneditina.org.br\/ispx\/wp-json\/wp\/v2\/posts\/11348\/revisions"}],"wp:featuredmedia":[{"embeddable":true,"href":"https:\/\/redebeneditina.org.br\/ispx\/wp-json\/wp\/v2\/media\/11349"}],"wp:attachment":[{"href":"https:\/\/redebeneditina.org.br\/ispx\/wp-json\/wp\/v2\/media?parent=11348"}],"wp:term":[{"taxonomy":"category","embeddable":true,"href":"https:\/\/redebeneditina.org.br\/ispx\/wp-json\/wp\/v2\/categories?post=11348"},{"taxonomy":"post_tag","embeddable":true,"href":"https:\/\/redebeneditina.org.br\/ispx\/wp-json\/wp\/v2\/tags?post=11348"}],"curies":[{"name":"wp","href":"https:\/\/api.w.org\/{rel}","templated":true}]}}