{"id":18773,"date":"2023-06-01T21:49:26","date_gmt":"2023-06-01T21:49:26","guid":{"rendered":"https:\/\/redebeneditina.org.br\/ispx\/?p=18773"},"modified":"2023-06-22T14:20:56","modified_gmt":"2023-06-22T14:20:56","slug":"desejos-de-2023","status":"publish","type":"post","link":"https:\/\/redebeneditina.org.br\/ispx\/desejos-de-2023\/","title":{"rendered":"Desejos de 2023"},"content":{"rendered":"<p>\u201cMeus desejos\/votos para pessoas especiais em 2023.\u201d<\/p>\n<p>Cada aluno escreveu seus desejos de um bom ano projetando pessoas especiais. Depois eles leram e ofereceram esses desejos para um colega da sala. Os desejos para 2023 ficar\u00e3o colados na primeira folha do caderno de Biologia e ser\u00e1 revisitado toda vez que o aluno precisar de palavras positivas e motiva\u00e7\u00e3o para continuar seu caminho. \ud83d\ude03<\/p>\n<p>Confira as fotos:<\/p>\nngg_shortcode_0_placeholder\n","protected":false},"excerpt":{"rendered":"<p>\u201cMeus desejos\/votos para pessoas especiais em 2023.\u201d Cada aluno escreveu seus desejos de um bom ano projetando pessoas especiais. Depois eles leram e ofereceram esses desejos para um colega da sala. Os desejos para 2023 ficar\u00e3o colados na primeira folha do caderno de Biologia e ser\u00e1 revisitado toda vez que o aluno precisar de palavras&#8230;<\/p>\n","protected":false},"author":2,"featured_media":18774,"comment_status":"closed","ping_status":"closed","sticky":false,"template":"","format":"standard","meta":{"_monsterinsights_skip_tracking":false,"_monsterinsights_sitenote_active":false,"_monsterinsights_sitenote_note":"","_monsterinsights_sitenote_category":0,"ngg_post_thumbnail":0,"footnotes":""},"categories":[84,91,82],"tags":[],"class_list":["post-18773","post","type-post","status-publish","format-standard","has-post-thumbnail","hentry","category-ano-2023","category-ens-medio","category-noticias"],"_links":{"self":[{"href":"https:\/\/redebeneditina.org.br\/ispx\/wp-json\/wp\/v2\/posts\/18773","targetHints":{"allow":["GET"]}}],"collection":[{"href":"https:\/\/redebeneditina.org.br\/ispx\/wp-json\/wp\/v2\/posts"}],"about":[{"href":"https:\/\/redebeneditina.org.br\/ispx\/wp-json\/wp\/v2\/types\/post"}],"author":[{"embeddable":true,"href":"https:\/\/redebeneditina.org.br\/ispx\/wp-json\/wp\/v2\/users\/2"}],"replies":[{"embeddable":true,"href":"https:\/\/redebeneditina.org.br\/ispx\/wp-json\/wp\/v2\/comments?post=18773"}],"version-history":[{"count":0,"href":"https:\/\/redebeneditina.org.br\/ispx\/wp-json\/wp\/v2\/posts\/18773\/revisions"}],"wp:featuredmedia":[{"embeddable":true,"href":"https:\/\/redebeneditina.org.br\/ispx\/wp-json\/wp\/v2\/media\/18774"}],"wp:attachment":[{"href":"https:\/\/redebeneditina.org.br\/ispx\/wp-json\/wp\/v2\/media?parent=18773"}],"wp:term":[{"taxonomy":"category","embeddable":true,"href":"https:\/\/redebeneditina.org.br\/ispx\/wp-json\/wp\/v2\/categories?post=18773"},{"taxonomy":"post_tag","embeddable":true,"href":"https:\/\/redebeneditina.org.br\/ispx\/wp-json\/wp\/v2\/tags?post=18773"}],"curies":[{"name":"wp","href":"https:\/\/api.w.org\/{rel}","templated":true}]}}