{"id":18808,"date":"2023-06-06T22:31:21","date_gmt":"2023-06-06T22:31:21","guid":{"rendered":"https:\/\/redebeneditina.org.br\/ispx\/?p=18808"},"modified":"2023-06-06T22:31:21","modified_gmt":"2023-06-06T22:31:21","slug":"extracao-de-dna-do-morango-9o-ano","status":"publish","type":"post","link":"https:\/\/redebeneditina.org.br\/ispx\/extracao-de-dna-do-morango-9o-ano\/","title":{"rendered":"Extra\u00e7\u00e3o de DNA do Morango &#8211; 9\u00ba ano"},"content":{"rendered":"<p>Aula pr\u00e1tica onde os alunos do 9\u00ba ano realizaram a extra\u00e7\u00e3o do DNA das c\u00e9lulas do morango utilizando uma solu\u00e7\u00e3o extratora, capaz de quebrar a parede celular e as membranas, liberando assim o DNA contido no n\u00facleo.<\/p>\n<p>Atividade proposta para fixar o processo de ensino e aprendizagem focada nos estudos cient\u00edficos da hereditariedade e suas varia\u00e7\u00f5es.<\/p>\n<p>Confira as fotos:<\/p>\nngg_shortcode_0_placeholder\n","protected":false},"excerpt":{"rendered":"<p>Aula pr\u00e1tica onde os alunos do 9\u00ba ano realizaram a extra\u00e7\u00e3o do DNA das c\u00e9lulas do morango utilizando uma solu\u00e7\u00e3o extratora, capaz de quebrar a parede celular e as membranas, liberando assim o DNA contido no n\u00facleo. Atividade proposta para fixar o processo de ensino e aprendizagem focada nos estudos cient\u00edficos da hereditariedade e suas&#8230;<\/p>\n","protected":false},"author":2,"featured_media":18812,"comment_status":"closed","ping_status":"closed","sticky":false,"template":"","format":"standard","meta":{"_monsterinsights_skip_tracking":false,"_monsterinsights_sitenote_active":false,"_monsterinsights_sitenote_note":"","_monsterinsights_sitenote_category":0,"ngg_post_thumbnail":0,"footnotes":""},"categories":[84,90,82],"tags":[],"class_list":["post-18808","post","type-post","status-publish","format-standard","has-post-thumbnail","hentry","category-ano-2023","category-ens-fund_ii","category-noticias"],"_links":{"self":[{"href":"https:\/\/redebeneditina.org.br\/ispx\/wp-json\/wp\/v2\/posts\/18808","targetHints":{"allow":["GET"]}}],"collection":[{"href":"https:\/\/redebeneditina.org.br\/ispx\/wp-json\/wp\/v2\/posts"}],"about":[{"href":"https:\/\/redebeneditina.org.br\/ispx\/wp-json\/wp\/v2\/types\/post"}],"author":[{"embeddable":true,"href":"https:\/\/redebeneditina.org.br\/ispx\/wp-json\/wp\/v2\/users\/2"}],"replies":[{"embeddable":true,"href":"https:\/\/redebeneditina.org.br\/ispx\/wp-json\/wp\/v2\/comments?post=18808"}],"version-history":[{"count":0,"href":"https:\/\/redebeneditina.org.br\/ispx\/wp-json\/wp\/v2\/posts\/18808\/revisions"}],"wp:featuredmedia":[{"embeddable":true,"href":"https:\/\/redebeneditina.org.br\/ispx\/wp-json\/wp\/v2\/media\/18812"}],"wp:attachment":[{"href":"https:\/\/redebeneditina.org.br\/ispx\/wp-json\/wp\/v2\/media?parent=18808"}],"wp:term":[{"taxonomy":"category","embeddable":true,"href":"https:\/\/redebeneditina.org.br\/ispx\/wp-json\/wp\/v2\/categories?post=18808"},{"taxonomy":"post_tag","embeddable":true,"href":"https:\/\/redebeneditina.org.br\/ispx\/wp-json\/wp\/v2\/tags?post=18808"}],"curies":[{"name":"wp","href":"https:\/\/api.w.org\/{rel}","templated":true}]}}