{"id":19434,"date":"2023-06-02T18:35:04","date_gmt":"2023-06-02T18:35:04","guid":{"rendered":"https:\/\/redebeneditina.org.br\/ispx\/?p=19434"},"modified":"2023-06-22T14:19:34","modified_gmt":"2023-06-22T14:19:34","slug":"pio-folia-2023","status":"publish","type":"post","link":"https:\/\/redebeneditina.org.br\/ispx\/pio-folia-2023\/","title":{"rendered":"Pio Folia 2023"},"content":{"rendered":"<p>No \u00faltimo s\u00e1bado (11\/02), o Instituto S\u00e3o Pio X realizou o Pio Folia \ud83c\udf8a<\/p>\n<p>Durante o dia, recebemos em nosso Instituto nossos alunos, familiares e amigos, acompanhamos muitas dan\u00e7as e brincadeiras, a divers\u00e3o foi garantida. E n\u00e3o podemos esquecer dos deliciosos lanches e doces \ud83d\ude0b<\/p>\n<p>Agradecemos a presen\u00e7a de todos neste dia t\u00e3o especial! Vivenciamos a alegria, amor e carisma junto com voc\u00eas.<\/p>\n<p>Confira as fotos:<\/p>\nngg_shortcode_0_placeholder\n","protected":false},"excerpt":{"rendered":"<p>No \u00faltimo s\u00e1bado (11\/02), o Instituto S\u00e3o Pio X realizou o Pio Folia \ud83c\udf8a Durante o dia, recebemos em nosso Instituto nossos alunos, familiares e amigos, acompanhamos muitas dan\u00e7as e brincadeiras, a divers\u00e3o foi garantida. E n\u00e3o podemos esquecer dos deliciosos lanches e doces \ud83d\ude0b Agradecemos a presen\u00e7a de todos neste dia t\u00e3o especial! Vivenciamos&#8230;<\/p>\n","protected":false},"author":2,"featured_media":19435,"comment_status":"closed","ping_status":"closed","sticky":false,"template":"","format":"standard","meta":{"_monsterinsights_skip_tracking":false,"_monsterinsights_sitenote_active":false,"_monsterinsights_sitenote_note":"","_monsterinsights_sitenote_category":0,"ngg_post_thumbnail":0,"footnotes":""},"categories":[84,89,82],"tags":[],"class_list":["post-19434","post","type-post","status-publish","format-standard","has-post-thumbnail","hentry","category-ano-2023","category-ens-fund_i","category-noticias"],"_links":{"self":[{"href":"https:\/\/redebeneditina.org.br\/ispx\/wp-json\/wp\/v2\/posts\/19434","targetHints":{"allow":["GET"]}}],"collection":[{"href":"https:\/\/redebeneditina.org.br\/ispx\/wp-json\/wp\/v2\/posts"}],"about":[{"href":"https:\/\/redebeneditina.org.br\/ispx\/wp-json\/wp\/v2\/types\/post"}],"author":[{"embeddable":true,"href":"https:\/\/redebeneditina.org.br\/ispx\/wp-json\/wp\/v2\/users\/2"}],"replies":[{"embeddable":true,"href":"https:\/\/redebeneditina.org.br\/ispx\/wp-json\/wp\/v2\/comments?post=19434"}],"version-history":[{"count":0,"href":"https:\/\/redebeneditina.org.br\/ispx\/wp-json\/wp\/v2\/posts\/19434\/revisions"}],"wp:featuredmedia":[{"embeddable":true,"href":"https:\/\/redebeneditina.org.br\/ispx\/wp-json\/wp\/v2\/media\/19435"}],"wp:attachment":[{"href":"https:\/\/redebeneditina.org.br\/ispx\/wp-json\/wp\/v2\/media?parent=19434"}],"wp:term":[{"taxonomy":"category","embeddable":true,"href":"https:\/\/redebeneditina.org.br\/ispx\/wp-json\/wp\/v2\/categories?post=19434"},{"taxonomy":"post_tag","embeddable":true,"href":"https:\/\/redebeneditina.org.br\/ispx\/wp-json\/wp\/v2\/tags?post=19434"}],"curies":[{"name":"wp","href":"https:\/\/api.w.org\/{rel}","templated":true}]}}