{"id":19454,"date":"2023-06-17T19:01:25","date_gmt":"2023-06-17T19:01:25","guid":{"rendered":"https:\/\/redebeneditina.org.br\/ispx\/?p=19454"},"modified":"2023-06-17T19:01:25","modified_gmt":"2023-06-17T19:01:25","slug":"rali-da-revisao-8o-ano-b","status":"publish","type":"post","link":"https:\/\/redebeneditina.org.br\/ispx\/rali-da-revisao-8o-ano-b\/","title":{"rendered":"Rali da Revis\u00e3o &#8211; 8\u00ba ano B"},"content":{"rendered":"<p>Os alunos do 8\u00ba ano B fizeram uma atividade de revis\u00e3o chamada \u201cRali da revis\u00e3o\u201d.<\/p>\n<p>A turma recebeu roteiros de estudos via Classroom, que tiveram que realizar no laborat\u00f3rio de inform\u00e1tica.<\/p>\n<p>Os roteiros apresentavam links de jogos virtuais com diferentes n\u00edveis de dificuldade e natureza, abordando os conte\u00fados de forma din\u00e2mica e divertida, possibilitando um ranqueamento dos alunos e tamb\u00e9m um panorama de quais conte\u00fados geram maior dificuldade de entendimento da turma.<\/p>\n<p>Tivemos um empate t\u00e9cnico com 3 vencedoras do Rali: Maria Fernanda, Maria Clara e Manuela Marcuzzo. Parab\u00e9ns a todos!<\/p>\n<p>Confira as fotos:<\/p>\nngg_shortcode_0_placeholder\n","protected":false},"excerpt":{"rendered":"<p>Os alunos do 8\u00ba ano B fizeram uma atividade de revis\u00e3o chamada \u201cRali da revis\u00e3o\u201d. A turma recebeu roteiros de estudos via Classroom, que tiveram que realizar no laborat\u00f3rio de inform\u00e1tica. Os roteiros apresentavam links de jogos virtuais com diferentes n\u00edveis de dificuldade e natureza, abordando os conte\u00fados de forma din\u00e2mica e divertida, possibilitando um&#8230;<\/p>\n","protected":false},"author":2,"featured_media":19455,"comment_status":"closed","ping_status":"closed","sticky":false,"template":"","format":"standard","meta":{"_monsterinsights_skip_tracking":false,"_monsterinsights_sitenote_active":false,"_monsterinsights_sitenote_note":"","_monsterinsights_sitenote_category":0,"ngg_post_thumbnail":0,"footnotes":""},"categories":[84,90,82],"tags":[],"class_list":["post-19454","post","type-post","status-publish","format-standard","has-post-thumbnail","hentry","category-ano-2023","category-ens-fund_ii","category-noticias"],"_links":{"self":[{"href":"https:\/\/redebeneditina.org.br\/ispx\/wp-json\/wp\/v2\/posts\/19454","targetHints":{"allow":["GET"]}}],"collection":[{"href":"https:\/\/redebeneditina.org.br\/ispx\/wp-json\/wp\/v2\/posts"}],"about":[{"href":"https:\/\/redebeneditina.org.br\/ispx\/wp-json\/wp\/v2\/types\/post"}],"author":[{"embeddable":true,"href":"https:\/\/redebeneditina.org.br\/ispx\/wp-json\/wp\/v2\/users\/2"}],"replies":[{"embeddable":true,"href":"https:\/\/redebeneditina.org.br\/ispx\/wp-json\/wp\/v2\/comments?post=19454"}],"version-history":[{"count":0,"href":"https:\/\/redebeneditina.org.br\/ispx\/wp-json\/wp\/v2\/posts\/19454\/revisions"}],"wp:featuredmedia":[{"embeddable":true,"href":"https:\/\/redebeneditina.org.br\/ispx\/wp-json\/wp\/v2\/media\/19455"}],"wp:attachment":[{"href":"https:\/\/redebeneditina.org.br\/ispx\/wp-json\/wp\/v2\/media?parent=19454"}],"wp:term":[{"taxonomy":"category","embeddable":true,"href":"https:\/\/redebeneditina.org.br\/ispx\/wp-json\/wp\/v2\/categories?post=19454"},{"taxonomy":"post_tag","embeddable":true,"href":"https:\/\/redebeneditina.org.br\/ispx\/wp-json\/wp\/v2\/tags?post=19454"}],"curies":[{"name":"wp","href":"https:\/\/api.w.org\/{rel}","templated":true}]}}