{"id":19543,"date":"2023-06-05T22:34:56","date_gmt":"2023-06-05T22:34:56","guid":{"rendered":"https:\/\/redebeneditina.org.br\/ispx\/?p=19543"},"modified":"2023-06-22T14:20:12","modified_gmt":"2023-06-22T14:20:12","slug":"vencedores-pio-folia-2023","status":"publish","type":"post","link":"https:\/\/redebeneditina.org.br\/ispx\/vencedores-pio-folia-2023\/","title":{"rendered":"Vencedores Pio Folia 2023"},"content":{"rendered":"<p>Parab\u00e9ns \u00e0s turmas campe\u00e3s do Pio Folia 2023!<\/p>\n<p>Os 8\u00bas anos A e B abra\u00e7aram o desafio de representar os ritmos brasileiros com muita dedica\u00e7\u00e3o e envolvimento. Eles fizeram a alegria da festa.<\/p>\n<p>Confira as fotos:<\/p>\nngg_shortcode_0_placeholder\n","protected":false},"excerpt":{"rendered":"<p>Parab\u00e9ns \u00e0s turmas campe\u00e3s do Pio Folia 2023! Os 8\u00bas anos A e B abra\u00e7aram o desafio de representar os ritmos brasileiros com muita dedica\u00e7\u00e3o e envolvimento. Eles fizeram a alegria da festa. Confira as fotos:<\/p>\n","protected":false},"author":2,"featured_media":19544,"comment_status":"closed","ping_status":"closed","sticky":false,"template":"","format":"standard","meta":{"_monsterinsights_skip_tracking":false,"_monsterinsights_sitenote_active":false,"_monsterinsights_sitenote_note":"","_monsterinsights_sitenote_category":0,"ngg_post_thumbnail":0,"footnotes":""},"categories":[84,90,82],"tags":[],"class_list":["post-19543","post","type-post","status-publish","format-standard","has-post-thumbnail","hentry","category-ano-2023","category-ens-fund_ii","category-noticias"],"_links":{"self":[{"href":"https:\/\/redebeneditina.org.br\/ispx\/wp-json\/wp\/v2\/posts\/19543","targetHints":{"allow":["GET"]}}],"collection":[{"href":"https:\/\/redebeneditina.org.br\/ispx\/wp-json\/wp\/v2\/posts"}],"about":[{"href":"https:\/\/redebeneditina.org.br\/ispx\/wp-json\/wp\/v2\/types\/post"}],"author":[{"embeddable":true,"href":"https:\/\/redebeneditina.org.br\/ispx\/wp-json\/wp\/v2\/users\/2"}],"replies":[{"embeddable":true,"href":"https:\/\/redebeneditina.org.br\/ispx\/wp-json\/wp\/v2\/comments?post=19543"}],"version-history":[{"count":0,"href":"https:\/\/redebeneditina.org.br\/ispx\/wp-json\/wp\/v2\/posts\/19543\/revisions"}],"wp:featuredmedia":[{"embeddable":true,"href":"https:\/\/redebeneditina.org.br\/ispx\/wp-json\/wp\/v2\/media\/19544"}],"wp:attachment":[{"href":"https:\/\/redebeneditina.org.br\/ispx\/wp-json\/wp\/v2\/media?parent=19543"}],"wp:term":[{"taxonomy":"category","embeddable":true,"href":"https:\/\/redebeneditina.org.br\/ispx\/wp-json\/wp\/v2\/categories?post=19543"},{"taxonomy":"post_tag","embeddable":true,"href":"https:\/\/redebeneditina.org.br\/ispx\/wp-json\/wp\/v2\/tags?post=19543"}],"curies":[{"name":"wp","href":"https:\/\/api.w.org\/{rel}","templated":true}]}}