{"id":20911,"date":"2023-06-21T22:31:52","date_gmt":"2023-06-21T22:31:52","guid":{"rendered":"https:\/\/redebeneditina.org.br\/ispx\/?p=20911"},"modified":"2023-06-21T22:31:52","modified_gmt":"2023-06-21T22:31:52","slug":"super-bingo-6o-ano","status":"publish","type":"post","link":"https:\/\/redebeneditina.org.br\/ispx\/super-bingo-6o-ano\/","title":{"rendered":"Super Bingo &#8211; 6\u00ba ano"},"content":{"rendered":"<p>Bingo e a pot\u00eancia? \ud83d\ude31\ud83d\ude31<\/p>\n<p>Sim!!!\ud83e\udd29<\/p>\n<p>Nas aulas de matem\u00e1tica tivemos um super bingo contemplando um dos temas mais importantes matem\u00e1ticos para o sexto ano e pra vida. A pot\u00eancia!!!<\/p>\n<p>Com empenho, prepara\u00e7\u00e3o e entusiasmo nossos alunos demonstraram muita aptid\u00e3o e conhecimento do conte\u00fado, jogando entre seus colegas de forma l\u00fadica, criativa e divertida.<\/p>\n<p>Confira as fotos:<\/p>\nngg_shortcode_0_placeholder\n","protected":false},"excerpt":{"rendered":"<p>Bingo e a pot\u00eancia? \ud83d\ude31\ud83d\ude31 Sim!!!\ud83e\udd29 Nas aulas de matem\u00e1tica tivemos um super bingo contemplando um dos temas mais importantes matem\u00e1ticos para o sexto ano e pra vida. A pot\u00eancia!!! Com empenho, prepara\u00e7\u00e3o e entusiasmo nossos alunos demonstraram muita aptid\u00e3o e conhecimento do conte\u00fado, jogando entre seus colegas de forma l\u00fadica, criativa e divertida. Confira&#8230;<\/p>\n","protected":false},"author":2,"featured_media":0,"comment_status":"closed","ping_status":"closed","sticky":false,"template":"","format":"standard","meta":{"_monsterinsights_skip_tracking":false,"_monsterinsights_sitenote_active":false,"_monsterinsights_sitenote_note":"","_monsterinsights_sitenote_category":0,"ngg_post_thumbnail":0,"footnotes":""},"categories":[84,90,82],"tags":[],"class_list":["post-20911","post","type-post","status-publish","format-standard","hentry","category-ano-2023","category-ens-fund_ii","category-noticias"],"_links":{"self":[{"href":"https:\/\/redebeneditina.org.br\/ispx\/wp-json\/wp\/v2\/posts\/20911","targetHints":{"allow":["GET"]}}],"collection":[{"href":"https:\/\/redebeneditina.org.br\/ispx\/wp-json\/wp\/v2\/posts"}],"about":[{"href":"https:\/\/redebeneditina.org.br\/ispx\/wp-json\/wp\/v2\/types\/post"}],"author":[{"embeddable":true,"href":"https:\/\/redebeneditina.org.br\/ispx\/wp-json\/wp\/v2\/users\/2"}],"replies":[{"embeddable":true,"href":"https:\/\/redebeneditina.org.br\/ispx\/wp-json\/wp\/v2\/comments?post=20911"}],"version-history":[{"count":0,"href":"https:\/\/redebeneditina.org.br\/ispx\/wp-json\/wp\/v2\/posts\/20911\/revisions"}],"wp:attachment":[{"href":"https:\/\/redebeneditina.org.br\/ispx\/wp-json\/wp\/v2\/media?parent=20911"}],"wp:term":[{"taxonomy":"category","embeddable":true,"href":"https:\/\/redebeneditina.org.br\/ispx\/wp-json\/wp\/v2\/categories?post=20911"},{"taxonomy":"post_tag","embeddable":true,"href":"https:\/\/redebeneditina.org.br\/ispx\/wp-json\/wp\/v2\/tags?post=20911"}],"curies":[{"name":"wp","href":"https:\/\/api.w.org\/{rel}","templated":true}]}}