{"id":22654,"date":"2023-08-01T13:07:36","date_gmt":"2023-08-01T16:07:36","guid":{"rendered":"https:\/\/redebeneditina.org.br\/ispx\/?p=22654"},"modified":"2023-08-03T13:09:38","modified_gmt":"2023-08-03T16:09:38","slug":"ispx-experience-2023","status":"publish","type":"post","link":"https:\/\/redebeneditina.org.br\/ispx\/ispx-experience-2023\/","title":{"rendered":"ISPX Experience 2023"},"content":{"rendered":"<p>\u00c9 o momento em que o Instituto S\u00e3o Pio X abre as portas para oportunizar aos estudantes, do Ensino Fundamental II e Ensino M\u00e9dio, a vivenciar uma experi\u00eancia da pr\u00e1tica docente da Institui\u00e7\u00e3o. O encontro proporcionar\u00e1 intera\u00e7\u00e3o, descontra\u00e7\u00e3o e muito aprendizado.<\/p>\n<p>N\u00e3o perca essa oportunidade! O evento acontecer\u00e1 no dia 12\/08, \u00e0s 14h00.<\/p>\n<p>Participe e venha fazer parte do nosso jeito de ser!<\/p>\n<p>Fa\u00e7a sua inscri\u00e7\u00e3o: <a href=\"https:\/\/docs.google.com\/forms\/d\/e\/1FAIpQLSdxPt39UOW5ZpXKWIna7kNAAa0nsgU9gDxQ7j15XqbErKTNGA\/viewform\">https:\/\/docs.google.com\/forms\/d\/e\/1FAIpQLSdxPt39UOW5ZpXKWIna7kNAAa0nsgU9gDxQ7j15XqbErKTNGA\/viewform<\/a><\/p>\n<p>&nbsp;<\/p>\n<p>&nbsp;<\/p>\n","protected":false},"excerpt":{"rendered":"<p>\u00c9 o momento em que o Instituto S\u00e3o Pio X abre as portas para oportunizar aos estudantes, do Ensino Fundamental II e Ensino M\u00e9dio, a vivenciar uma experi\u00eancia da pr\u00e1tica docente da Institui\u00e7\u00e3o. O encontro proporcionar\u00e1 intera\u00e7\u00e3o, descontra\u00e7\u00e3o e muito aprendizado. N\u00e3o perca essa oportunidade! O evento acontecer\u00e1 no dia 12\/08, \u00e0s 14h00. Participe e&#8230;<\/p>\n","protected":false},"author":2,"featured_media":22655,"comment_status":"closed","ping_status":"closed","sticky":false,"template":"","format":"standard","meta":{"_monsterinsights_skip_tracking":false,"_monsterinsights_sitenote_active":false,"_monsterinsights_sitenote_note":"","_monsterinsights_sitenote_category":0,"ngg_post_thumbnail":0,"footnotes":""},"categories":[84,90,91,82],"tags":[],"class_list":["post-22654","post","type-post","status-publish","format-standard","has-post-thumbnail","hentry","category-ano-2023","category-ens-fund_ii","category-ens-medio","category-noticias"],"_links":{"self":[{"href":"https:\/\/redebeneditina.org.br\/ispx\/wp-json\/wp\/v2\/posts\/22654","targetHints":{"allow":["GET"]}}],"collection":[{"href":"https:\/\/redebeneditina.org.br\/ispx\/wp-json\/wp\/v2\/posts"}],"about":[{"href":"https:\/\/redebeneditina.org.br\/ispx\/wp-json\/wp\/v2\/types\/post"}],"author":[{"embeddable":true,"href":"https:\/\/redebeneditina.org.br\/ispx\/wp-json\/wp\/v2\/users\/2"}],"replies":[{"embeddable":true,"href":"https:\/\/redebeneditina.org.br\/ispx\/wp-json\/wp\/v2\/comments?post=22654"}],"version-history":[{"count":0,"href":"https:\/\/redebeneditina.org.br\/ispx\/wp-json\/wp\/v2\/posts\/22654\/revisions"}],"wp:featuredmedia":[{"embeddable":true,"href":"https:\/\/redebeneditina.org.br\/ispx\/wp-json\/wp\/v2\/media\/22655"}],"wp:attachment":[{"href":"https:\/\/redebeneditina.org.br\/ispx\/wp-json\/wp\/v2\/media?parent=22654"}],"wp:term":[{"taxonomy":"category","embeddable":true,"href":"https:\/\/redebeneditina.org.br\/ispx\/wp-json\/wp\/v2\/categories?post=22654"},{"taxonomy":"post_tag","embeddable":true,"href":"https:\/\/redebeneditina.org.br\/ispx\/wp-json\/wp\/v2\/tags?post=22654"}],"curies":[{"name":"wp","href":"https:\/\/api.w.org\/{rel}","templated":true}]}}