{"id":22768,"date":"2023-08-04T20:21:55","date_gmt":"2023-08-04T23:21:55","guid":{"rendered":"https:\/\/redebeneditina.org.br\/ispx\/?p=22768"},"modified":"2023-08-09T20:38:37","modified_gmt":"2023-08-09T23:38:37","slug":"classificados-2a-fase-obmep","status":"publish","type":"post","link":"https:\/\/redebeneditina.org.br\/ispx\/classificados-2a-fase-obmep\/","title":{"rendered":"Classificados 2\u00aa fase &#8211; OBMEP"},"content":{"rendered":"<p>Uau! Nossos alunos j\u00e1 voltaram \u00e0s aulas com \u00f3timos resultados! \ud83d\ude31<\/p>\n<p>Confira os classificados para a 2\u00aa fase da OBMEP:<br \/>\nALICE RAMOS AIRES;<br \/>\nANALU LEME DOS SANTOS;<br \/>\nDIOGO LUCHIARI;<br \/>\nDANIEL HENRIQUE F DE OLIVEIRA;<br \/>\nGEOVANNA DOS SANTOS MENEZES;<br \/>\nMARCOS HENRIQUE ASSUNCAO;<br \/>\nMARIA EDUARDA ZULATO;<br \/>\nAMANDA RINCON LUCENA;<br \/>\nISABELLA GON\u00c7ALVES DIAS;<br \/>\nNICOLAS VIDAL FUSCALDI;<br \/>\nPEDRO HENRIQUE RAMOS DIAS.<\/p>\n<p>Parab\u00e9ns! \ud83e\udd73<\/p>\nngg_shortcode_0_placeholder\n","protected":false},"excerpt":{"rendered":"<p>Uau! Nossos alunos j\u00e1 voltaram \u00e0s aulas com \u00f3timos resultados! \ud83d\ude31 Confira os classificados para a 2\u00aa fase da OBMEP: ALICE RAMOS AIRES; ANALU LEME DOS SANTOS; DIOGO LUCHIARI; DANIEL HENRIQUE F DE OLIVEIRA; GEOVANNA DOS SANTOS MENEZES; MARCOS HENRIQUE ASSUNCAO; MARIA EDUARDA ZULATO; AMANDA RINCON LUCENA; ISABELLA GON\u00c7ALVES DIAS; NICOLAS VIDAL FUSCALDI; PEDRO HENRIQUE&#8230;<\/p>\n","protected":false},"author":2,"featured_media":22774,"comment_status":"closed","ping_status":"closed","sticky":false,"template":"","format":"standard","meta":{"_monsterinsights_skip_tracking":false,"_monsterinsights_sitenote_active":false,"_monsterinsights_sitenote_note":"","_monsterinsights_sitenote_category":0,"ngg_post_thumbnail":0,"footnotes":""},"categories":[84,90,91,82],"tags":[],"class_list":["post-22768","post","type-post","status-publish","format-standard","has-post-thumbnail","hentry","category-ano-2023","category-ens-fund_ii","category-ens-medio","category-noticias"],"_links":{"self":[{"href":"https:\/\/redebeneditina.org.br\/ispx\/wp-json\/wp\/v2\/posts\/22768","targetHints":{"allow":["GET"]}}],"collection":[{"href":"https:\/\/redebeneditina.org.br\/ispx\/wp-json\/wp\/v2\/posts"}],"about":[{"href":"https:\/\/redebeneditina.org.br\/ispx\/wp-json\/wp\/v2\/types\/post"}],"author":[{"embeddable":true,"href":"https:\/\/redebeneditina.org.br\/ispx\/wp-json\/wp\/v2\/users\/2"}],"replies":[{"embeddable":true,"href":"https:\/\/redebeneditina.org.br\/ispx\/wp-json\/wp\/v2\/comments?post=22768"}],"version-history":[{"count":0,"href":"https:\/\/redebeneditina.org.br\/ispx\/wp-json\/wp\/v2\/posts\/22768\/revisions"}],"wp:featuredmedia":[{"embeddable":true,"href":"https:\/\/redebeneditina.org.br\/ispx\/wp-json\/wp\/v2\/media\/22774"}],"wp:attachment":[{"href":"https:\/\/redebeneditina.org.br\/ispx\/wp-json\/wp\/v2\/media?parent=22768"}],"wp:term":[{"taxonomy":"category","embeddable":true,"href":"https:\/\/redebeneditina.org.br\/ispx\/wp-json\/wp\/v2\/categories?post=22768"},{"taxonomy":"post_tag","embeddable":true,"href":"https:\/\/redebeneditina.org.br\/ispx\/wp-json\/wp\/v2\/tags?post=22768"}],"curies":[{"name":"wp","href":"https:\/\/api.w.org\/{rel}","templated":true}]}}