{"id":24937,"date":"2023-10-11T10:34:11","date_gmt":"2023-10-11T13:34:11","guid":{"rendered":"https:\/\/redebeneditina.org.br\/ispx\/?p=24937"},"modified":"2023-10-14T12:17:11","modified_gmt":"2023-10-14T15:17:11","slug":"guardioes-do-bem-contraturno","status":"publish","type":"post","link":"https:\/\/redebeneditina.org.br\/ispx\/guardioes-do-bem-contraturno\/","title":{"rendered":"Guardi\u00f5es do bem &#8211; Contraturno"},"content":{"rendered":"<p>O folclore brasileiro \u00e9 muito rico. \u00c9 o conjunto de express\u00f5es culturais populares que s\u00e3o transmitidas de gera\u00e7\u00e3o para gera\u00e7\u00e3o.<\/p>\n<p>Apesar de serem estranhos e causarem medo, os personagens folcl\u00f3ricos s\u00e3o verdadeiros &#8220;Guardi\u00f5es do bem&#8221;!!!<\/p>\n<p>Os alunos do contraturno apresentaram algumas das brincadeiras que fazem parte do nosso folclore, a import\u00e2ncia dos personagens, cantaram a m\u00fasica &#8220;If you`re happy and you know it&#8221; em ingl\u00eas e apresentaram a dan\u00e7a do boi com a participa\u00e7\u00e3o dos alunos do 3\u00ba ano A.<\/p>\n<p>Quanta dedica\u00e7\u00e3o dos alunos e colaboradores que prepararam essa linda apresenta\u00e7\u00e3o!<\/p>\n<p>Parab\u00e9ns \u00e0 todos \ud83e\udd73<\/p>\n<p>Confira as fotos:<\/p>\nngg_shortcode_0_placeholder\n","protected":false},"excerpt":{"rendered":"<p>O folclore brasileiro \u00e9 muito rico. \u00c9 o conjunto de express\u00f5es culturais populares que s\u00e3o transmitidas de gera\u00e7\u00e3o para gera\u00e7\u00e3o. Apesar de serem estranhos e causarem medo, os personagens folcl\u00f3ricos s\u00e3o verdadeiros &#8220;Guardi\u00f5es do bem&#8221;!!! Os alunos do contraturno apresentaram algumas das brincadeiras que fazem parte do nosso folclore, a import\u00e2ncia dos personagens, cantaram a&#8230;<\/p>\n","protected":false},"author":2,"featured_media":24939,"comment_status":"closed","ping_status":"closed","sticky":false,"template":"","format":"standard","meta":{"_monsterinsights_skip_tracking":false,"_monsterinsights_sitenote_active":false,"_monsterinsights_sitenote_note":"","_monsterinsights_sitenote_category":0,"ngg_post_thumbnail":0,"footnotes":""},"categories":[84,92,89,82],"tags":[],"class_list":["post-24937","post","type-post","status-publish","format-standard","has-post-thumbnail","hentry","category-ano-2023","category-contraturno","category-ens-fund_i","category-noticias"],"_links":{"self":[{"href":"https:\/\/redebeneditina.org.br\/ispx\/wp-json\/wp\/v2\/posts\/24937","targetHints":{"allow":["GET"]}}],"collection":[{"href":"https:\/\/redebeneditina.org.br\/ispx\/wp-json\/wp\/v2\/posts"}],"about":[{"href":"https:\/\/redebeneditina.org.br\/ispx\/wp-json\/wp\/v2\/types\/post"}],"author":[{"embeddable":true,"href":"https:\/\/redebeneditina.org.br\/ispx\/wp-json\/wp\/v2\/users\/2"}],"replies":[{"embeddable":true,"href":"https:\/\/redebeneditina.org.br\/ispx\/wp-json\/wp\/v2\/comments?post=24937"}],"version-history":[{"count":0,"href":"https:\/\/redebeneditina.org.br\/ispx\/wp-json\/wp\/v2\/posts\/24937\/revisions"}],"wp:featuredmedia":[{"embeddable":true,"href":"https:\/\/redebeneditina.org.br\/ispx\/wp-json\/wp\/v2\/media\/24939"}],"wp:attachment":[{"href":"https:\/\/redebeneditina.org.br\/ispx\/wp-json\/wp\/v2\/media?parent=24937"}],"wp:term":[{"taxonomy":"category","embeddable":true,"href":"https:\/\/redebeneditina.org.br\/ispx\/wp-json\/wp\/v2\/categories?post=24937"},{"taxonomy":"post_tag","embeddable":true,"href":"https:\/\/redebeneditina.org.br\/ispx\/wp-json\/wp\/v2\/tags?post=24937"}],"curies":[{"name":"wp","href":"https:\/\/api.w.org\/{rel}","templated":true}]}}