{"id":24941,"date":"2023-10-11T10:37:00","date_gmt":"2023-10-11T13:37:00","guid":{"rendered":"https:\/\/redebeneditina.org.br\/ispx\/?p=24941"},"modified":"2023-10-14T10:40:57","modified_gmt":"2023-10-14T13:40:57","slug":"origamis-de-tsuru-8o-ano","status":"publish","type":"post","link":"https:\/\/redebeneditina.org.br\/ispx\/origamis-de-tsuru-8o-ano\/","title":{"rendered":"Origamis de Tsuru &#8211; 8\u00ba ano"},"content":{"rendered":"<p>O origami do tsuru simboliza o desejo de sa\u00fade, felicidade e boa sorte. Uma das raz\u00f5es para o tsuru ser t\u00e3o valorizado na cultura japonesa \u00e9 o fato de que essa ave \u00e9 conhecida por sua habilidade em voar grandes dist\u00e2ncias e por seu comportamento social: ela vive em grandes grupos e \u00e9 leal aos seus companheiros.<\/p>\n<p>Os alunos do 8\u00ba ano A e B, na aula de Geometria, confeccionaram tsurus num trabalho em equipe que muito os alegraram. Aprendizado dos conceitos de quadril\u00e1teros, diagonais e \u00e2ngulos, al\u00e9m da criatividade. Parab\u00e9ns!<\/p>\n<p>Confira as fotos:<\/p>\nngg_shortcode_0_placeholder\n","protected":false},"excerpt":{"rendered":"<p>O origami do tsuru simboliza o desejo de sa\u00fade, felicidade e boa sorte. Uma das raz\u00f5es para o tsuru ser t\u00e3o valorizado na cultura japonesa \u00e9 o fato de que essa ave \u00e9 conhecida por sua habilidade em voar grandes dist\u00e2ncias e por seu comportamento social: ela vive em grandes grupos e \u00e9 leal aos&#8230;<\/p>\n","protected":false},"author":2,"featured_media":24967,"comment_status":"closed","ping_status":"closed","sticky":false,"template":"","format":"standard","meta":{"_monsterinsights_skip_tracking":false,"_monsterinsights_sitenote_active":false,"_monsterinsights_sitenote_note":"","_monsterinsights_sitenote_category":0,"ngg_post_thumbnail":0,"footnotes":""},"categories":[84,90,82],"tags":[],"class_list":["post-24941","post","type-post","status-publish","format-standard","has-post-thumbnail","hentry","category-ano-2023","category-ens-fund_ii","category-noticias"],"_links":{"self":[{"href":"https:\/\/redebeneditina.org.br\/ispx\/wp-json\/wp\/v2\/posts\/24941","targetHints":{"allow":["GET"]}}],"collection":[{"href":"https:\/\/redebeneditina.org.br\/ispx\/wp-json\/wp\/v2\/posts"}],"about":[{"href":"https:\/\/redebeneditina.org.br\/ispx\/wp-json\/wp\/v2\/types\/post"}],"author":[{"embeddable":true,"href":"https:\/\/redebeneditina.org.br\/ispx\/wp-json\/wp\/v2\/users\/2"}],"replies":[{"embeddable":true,"href":"https:\/\/redebeneditina.org.br\/ispx\/wp-json\/wp\/v2\/comments?post=24941"}],"version-history":[{"count":0,"href":"https:\/\/redebeneditina.org.br\/ispx\/wp-json\/wp\/v2\/posts\/24941\/revisions"}],"wp:featuredmedia":[{"embeddable":true,"href":"https:\/\/redebeneditina.org.br\/ispx\/wp-json\/wp\/v2\/media\/24967"}],"wp:attachment":[{"href":"https:\/\/redebeneditina.org.br\/ispx\/wp-json\/wp\/v2\/media?parent=24941"}],"wp:term":[{"taxonomy":"category","embeddable":true,"href":"https:\/\/redebeneditina.org.br\/ispx\/wp-json\/wp\/v2\/categories?post=24941"},{"taxonomy":"post_tag","embeddable":true,"href":"https:\/\/redebeneditina.org.br\/ispx\/wp-json\/wp\/v2\/tags?post=24941"}],"curies":[{"name":"wp","href":"https:\/\/api.w.org\/{rel}","templated":true}]}}