{"id":26728,"date":"2023-11-10T19:10:41","date_gmt":"2023-11-10T22:10:41","guid":{"rendered":"https:\/\/redebeneditina.org.br\/ispx\/?p=26728"},"modified":"2023-11-10T20:15:56","modified_gmt":"2023-11-10T23:15:56","slug":"escola-aberta-25-de-novembro","status":"publish","type":"post","link":"https:\/\/redebeneditina.org.br\/ispx\/escola-aberta-25-de-novembro\/","title":{"rendered":"Escola Aberta &#8211; 25 de novembro"},"content":{"rendered":"<p>Estaremos com a escola aberta no <strong>dia 25 de novembro de 2023, das 10h \u00e0s 16h<\/strong>, para servi\u00e7os de secretaria e visita\u00e7\u00e3o.<\/p>\n<p>Esperamos por voc\u00ea!<\/p>\n","protected":false},"excerpt":{"rendered":"<p>Estaremos com a escola aberta no dia 25 de novembro de 2023, das 10h \u00e0s 16h, para servi\u00e7os de secretaria e visita\u00e7\u00e3o. Esperamos por voc\u00ea!<\/p>\n","protected":false},"author":2,"featured_media":26729,"comment_status":"closed","ping_status":"closed","sticky":false,"template":"","format":"standard","meta":{"_monsterinsights_skip_tracking":false,"_monsterinsights_sitenote_active":false,"_monsterinsights_sitenote_note":"","_monsterinsights_sitenote_category":0,"ngg_post_thumbnail":0,"footnotes":""},"categories":[84,92,88,89,90,91,82],"tags":[],"class_list":["post-26728","post","type-post","status-publish","format-standard","has-post-thumbnail","hentry","category-ano-2023","category-contraturno","category-ed-infantil","category-ens-fund_i","category-ens-fund_ii","category-ens-medio","category-noticias"],"_links":{"self":[{"href":"https:\/\/redebeneditina.org.br\/ispx\/wp-json\/wp\/v2\/posts\/26728","targetHints":{"allow":["GET"]}}],"collection":[{"href":"https:\/\/redebeneditina.org.br\/ispx\/wp-json\/wp\/v2\/posts"}],"about":[{"href":"https:\/\/redebeneditina.org.br\/ispx\/wp-json\/wp\/v2\/types\/post"}],"author":[{"embeddable":true,"href":"https:\/\/redebeneditina.org.br\/ispx\/wp-json\/wp\/v2\/users\/2"}],"replies":[{"embeddable":true,"href":"https:\/\/redebeneditina.org.br\/ispx\/wp-json\/wp\/v2\/comments?post=26728"}],"version-history":[{"count":0,"href":"https:\/\/redebeneditina.org.br\/ispx\/wp-json\/wp\/v2\/posts\/26728\/revisions"}],"wp:featuredmedia":[{"embeddable":true,"href":"https:\/\/redebeneditina.org.br\/ispx\/wp-json\/wp\/v2\/media\/26729"}],"wp:attachment":[{"href":"https:\/\/redebeneditina.org.br\/ispx\/wp-json\/wp\/v2\/media?parent=26728"}],"wp:term":[{"taxonomy":"category","embeddable":true,"href":"https:\/\/redebeneditina.org.br\/ispx\/wp-json\/wp\/v2\/categories?post=26728"},{"taxonomy":"post_tag","embeddable":true,"href":"https:\/\/redebeneditina.org.br\/ispx\/wp-json\/wp\/v2\/tags?post=26728"}],"curies":[{"name":"wp","href":"https:\/\/api.w.org\/{rel}","templated":true}]}}