{"id":26748,"date":"2023-11-14T16:13:22","date_gmt":"2023-11-14T19:13:22","guid":{"rendered":"https:\/\/redebeneditina.org.br\/ispx\/?p=26748"},"modified":"2023-11-14T16:13:22","modified_gmt":"2023-11-14T19:13:22","slug":"aviso-feriados-de-novembro","status":"publish","type":"post","link":"https:\/\/redebeneditina.org.br\/ispx\/aviso-feriados-de-novembro\/","title":{"rendered":"Aviso &#8211; Feriados de novembro"},"content":{"rendered":"<p>Srs. pais\/respons\u00e1veis, alunos e seguidores,<\/p>\n<p>Informamos que o Instituto S\u00e3o Pio X estar\u00e1 fechado nos dias 15 (quarta) e 20 (segunda) de Novembro, devido aos feriados da Proclama\u00e7\u00e3o da Rep\u00fablica e Consci\u00eancia Negra.<\/p>\n<p>Em caso de d\u00favidas, <a href=\"https:\/\/redebeneditina.org.br\/ispx\/contato\/\">entre em contato<\/a>!<\/p>\n","protected":false},"excerpt":{"rendered":"<p>Srs. pais\/respons\u00e1veis, alunos e seguidores, Informamos que o Instituto S\u00e3o Pio X estar\u00e1 fechado nos dias 15 (quarta) e 20 (segunda) de Novembro, devido aos feriados da Proclama\u00e7\u00e3o da Rep\u00fablica e Consci\u00eancia Negra. Em caso de d\u00favidas, entre em contato!<\/p>\n","protected":false},"author":2,"featured_media":26749,"comment_status":"closed","ping_status":"closed","sticky":false,"template":"","format":"standard","meta":{"_monsterinsights_skip_tracking":false,"_monsterinsights_sitenote_active":false,"_monsterinsights_sitenote_note":"","_monsterinsights_sitenote_category":0,"ngg_post_thumbnail":0,"footnotes":""},"categories":[84,92,88,89,90,91,82],"tags":[],"class_list":["post-26748","post","type-post","status-publish","format-standard","has-post-thumbnail","hentry","category-ano-2023","category-contraturno","category-ed-infantil","category-ens-fund_i","category-ens-fund_ii","category-ens-medio","category-noticias"],"_links":{"self":[{"href":"https:\/\/redebeneditina.org.br\/ispx\/wp-json\/wp\/v2\/posts\/26748","targetHints":{"allow":["GET"]}}],"collection":[{"href":"https:\/\/redebeneditina.org.br\/ispx\/wp-json\/wp\/v2\/posts"}],"about":[{"href":"https:\/\/redebeneditina.org.br\/ispx\/wp-json\/wp\/v2\/types\/post"}],"author":[{"embeddable":true,"href":"https:\/\/redebeneditina.org.br\/ispx\/wp-json\/wp\/v2\/users\/2"}],"replies":[{"embeddable":true,"href":"https:\/\/redebeneditina.org.br\/ispx\/wp-json\/wp\/v2\/comments?post=26748"}],"version-history":[{"count":0,"href":"https:\/\/redebeneditina.org.br\/ispx\/wp-json\/wp\/v2\/posts\/26748\/revisions"}],"wp:featuredmedia":[{"embeddable":true,"href":"https:\/\/redebeneditina.org.br\/ispx\/wp-json\/wp\/v2\/media\/26749"}],"wp:attachment":[{"href":"https:\/\/redebeneditina.org.br\/ispx\/wp-json\/wp\/v2\/media?parent=26748"}],"wp:term":[{"taxonomy":"category","embeddable":true,"href":"https:\/\/redebeneditina.org.br\/ispx\/wp-json\/wp\/v2\/categories?post=26748"},{"taxonomy":"post_tag","embeddable":true,"href":"https:\/\/redebeneditina.org.br\/ispx\/wp-json\/wp\/v2\/tags?post=26748"}],"curies":[{"name":"wp","href":"https:\/\/api.w.org\/{rel}","templated":true}]}}