{"id":27221,"date":"2023-11-24T20:14:06","date_gmt":"2023-11-24T23:14:06","guid":{"rendered":"https:\/\/redebeneditina.org.br\/ispx\/?p=27221"},"modified":"2023-11-27T15:51:01","modified_gmt":"2023-11-27T18:51:01","slug":"palestra-futuro-do-futuro","status":"publish","type":"post","link":"https:\/\/redebeneditina.org.br\/ispx\/palestra-futuro-do-futuro\/","title":{"rendered":"Palestra &#8211; Futuro do futuro"},"content":{"rendered":"<p>Nesta sexta-feira, os alunos do Ensino Fundamental II ao Ensino M\u00e9dio participaram da palestra intitulada &#8220;Futuro do Futuro&#8221;.<\/p>\n<p>O Dr. Frank Ned, advogado especialista em Direito Digital, abordou a import\u00e2ncia de nossas decis\u00f5es e como isso influencia o futuro.<\/p>\n<p>Como tema principal, discutiram os preconceitos e suas consequ\u00eancias, os direitos humanos, o respeito e outros assuntos relacionados ao tema.<\/p>\n<p>&#8220;Quando fazemos boas escolhas, temos bons resultados no futuro.&#8221;<\/p>\n<p>Confira as fotos:<\/p>\nngg_shortcode_0_placeholder\n","protected":false},"excerpt":{"rendered":"<p>Nesta sexta-feira, os alunos do Ensino Fundamental II ao Ensino M\u00e9dio participaram da palestra intitulada &#8220;Futuro do Futuro&#8221;. O Dr. Frank Ned, advogado especialista em Direito Digital, abordou a import\u00e2ncia de nossas decis\u00f5es e como isso influencia o futuro. Como tema principal, discutiram os preconceitos e suas consequ\u00eancias, os direitos humanos, o respeito e outros&#8230;<\/p>\n","protected":false},"author":2,"featured_media":0,"comment_status":"closed","ping_status":"closed","sticky":false,"template":"","format":"standard","meta":{"_monsterinsights_skip_tracking":false,"_monsterinsights_sitenote_active":false,"_monsterinsights_sitenote_note":"","_monsterinsights_sitenote_category":0,"ngg_post_thumbnail":0,"footnotes":""},"categories":[84,90,91,82,106],"tags":[],"class_list":["post-27221","post","type-post","status-publish","format-standard","hentry","category-ano-2023","category-ens-fund_ii","category-ens-medio","category-noticias","category-seguranca-cidadania"],"_links":{"self":[{"href":"https:\/\/redebeneditina.org.br\/ispx\/wp-json\/wp\/v2\/posts\/27221","targetHints":{"allow":["GET"]}}],"collection":[{"href":"https:\/\/redebeneditina.org.br\/ispx\/wp-json\/wp\/v2\/posts"}],"about":[{"href":"https:\/\/redebeneditina.org.br\/ispx\/wp-json\/wp\/v2\/types\/post"}],"author":[{"embeddable":true,"href":"https:\/\/redebeneditina.org.br\/ispx\/wp-json\/wp\/v2\/users\/2"}],"replies":[{"embeddable":true,"href":"https:\/\/redebeneditina.org.br\/ispx\/wp-json\/wp\/v2\/comments?post=27221"}],"version-history":[{"count":0,"href":"https:\/\/redebeneditina.org.br\/ispx\/wp-json\/wp\/v2\/posts\/27221\/revisions"}],"wp:attachment":[{"href":"https:\/\/redebeneditina.org.br\/ispx\/wp-json\/wp\/v2\/media?parent=27221"}],"wp:term":[{"taxonomy":"category","embeddable":true,"href":"https:\/\/redebeneditina.org.br\/ispx\/wp-json\/wp\/v2\/categories?post=27221"},{"taxonomy":"post_tag","embeddable":true,"href":"https:\/\/redebeneditina.org.br\/ispx\/wp-json\/wp\/v2\/tags?post=27221"}],"curies":[{"name":"wp","href":"https:\/\/api.w.org\/{rel}","templated":true}]}}