{"id":27296,"date":"2023-11-24T20:18:16","date_gmt":"2023-11-24T23:18:16","guid":{"rendered":"https:\/\/redebeneditina.org.br\/ispx\/?p=27296"},"modified":"2023-12-13T14:43:22","modified_gmt":"2023-12-13T17:43:22","slug":"day-camp-2023","status":"publish","type":"post","link":"https:\/\/redebeneditina.org.br\/ispx\/day-camp-2023\/","title":{"rendered":"Day Camp 2023"},"content":{"rendered":"<p>Os alunos do 6\u00ba ao 9\u00ba ano participaram de viv\u00eancias no s\u00edtio das Irm\u00e3s, envolvendo atividades relacionadas \u00e0s aulas de Ensino Religioso, Arte e Educa\u00e7\u00e3o F\u00edsica. Foi um dia repleto de conte\u00fado e divers\u00e3o!<\/p>\n<p>Confira as fotos:<\/p>\n<p>DAY CAMP &#8211; 6\u00ba E 7\u00ba ANO EF<\/p>\n<p>ngg_shortcode_0_placeholderDAY CAMP &#8211; 8\u00ba E 9\u00ba ANO EF<\/p>\nngg_shortcode_1_placeholder\n","protected":false},"excerpt":{"rendered":"<p>Os alunos do 6\u00ba ao 9\u00ba ano participaram de viv\u00eancias no s\u00edtio das Irm\u00e3s, envolvendo atividades relacionadas \u00e0s aulas de Ensino Religioso, Arte e Educa\u00e7\u00e3o F\u00edsica. Foi um dia repleto de conte\u00fado e divers\u00e3o! Confira as fotos: DAY CAMP &#8211; 6\u00ba E 7\u00ba ANO EF DAY CAMP &#8211; 8\u00ba E 9\u00ba ANO EF &nbsp;<\/p>\n","protected":false},"author":2,"featured_media":28341,"comment_status":"closed","ping_status":"closed","sticky":false,"template":"","format":"standard","meta":{"_monsterinsights_skip_tracking":false,"_monsterinsights_sitenote_active":false,"_monsterinsights_sitenote_note":"","_monsterinsights_sitenote_category":0,"ngg_post_thumbnail":0,"footnotes":""},"categories":[84,90,82,96],"tags":[],"class_list":["post-27296","post","type-post","status-publish","format-standard","has-post-thumbnail","hentry","category-ano-2023","category-ens-fund_ii","category-noticias","category-pastoral-escolar"],"_links":{"self":[{"href":"https:\/\/redebeneditina.org.br\/ispx\/wp-json\/wp\/v2\/posts\/27296","targetHints":{"allow":["GET"]}}],"collection":[{"href":"https:\/\/redebeneditina.org.br\/ispx\/wp-json\/wp\/v2\/posts"}],"about":[{"href":"https:\/\/redebeneditina.org.br\/ispx\/wp-json\/wp\/v2\/types\/post"}],"author":[{"embeddable":true,"href":"https:\/\/redebeneditina.org.br\/ispx\/wp-json\/wp\/v2\/users\/2"}],"replies":[{"embeddable":true,"href":"https:\/\/redebeneditina.org.br\/ispx\/wp-json\/wp\/v2\/comments?post=27296"}],"version-history":[{"count":0,"href":"https:\/\/redebeneditina.org.br\/ispx\/wp-json\/wp\/v2\/posts\/27296\/revisions"}],"wp:featuredmedia":[{"embeddable":true,"href":"https:\/\/redebeneditina.org.br\/ispx\/wp-json\/wp\/v2\/media\/28341"}],"wp:attachment":[{"href":"https:\/\/redebeneditina.org.br\/ispx\/wp-json\/wp\/v2\/media?parent=27296"}],"wp:term":[{"taxonomy":"category","embeddable":true,"href":"https:\/\/redebeneditina.org.br\/ispx\/wp-json\/wp\/v2\/categories?post=27296"},{"taxonomy":"post_tag","embeddable":true,"href":"https:\/\/redebeneditina.org.br\/ispx\/wp-json\/wp\/v2\/tags?post=27296"}],"curies":[{"name":"wp","href":"https:\/\/api.w.org\/{rel}","templated":true}]}}