{"id":30194,"date":"2024-02-23T19:40:01","date_gmt":"2024-02-23T22:40:01","guid":{"rendered":"https:\/\/redebeneditina.org.br\/ispx\/?p=30194"},"modified":"2024-02-23T19:40:01","modified_gmt":"2024-02-23T22:40:01","slug":"avaliacao-diagnostica-fund-ii-e-ensino-medio","status":"publish","type":"post","link":"https:\/\/redebeneditina.org.br\/ispx\/avaliacao-diagnostica-fund-ii-e-ensino-medio\/","title":{"rendered":"Avalia\u00e7\u00e3o Diagn\u00f3stica &#8211; Fund. II e Ensino M\u00e9dio"},"content":{"rendered":"<p>\u2705 Avalia\u00e7\u00e3o Diagn\u00f3stica de Ci\u00eancias e Biologia realizada de 30\/01 a 02\/02 \u2705<\/p>\n<p>Atividade realizada em grupo para revisitar todos os conte\u00fados trabalhados em 2023. Cada grupo abordou uma unidade tem\u00e1tica, elencando os pontos principais. Ap\u00f3s esse momento, apresentaram para o restante da sala os t\u00f3picos abordados, que foram complementados pela professora quando necess\u00e1rio.<\/p>\n<p>Os alunos sentiram-se felizes ao perceber a quantidade de assuntos trabalhados durante um ano e como s\u00e3o capazes de assimilar os conte\u00fados, \u00e0s vezes sem perceber essa habilidade. \ud83d\ude03<\/p>\nngg_shortcode_0_placeholder\n","protected":false},"excerpt":{"rendered":"<p>\u2705 Avalia\u00e7\u00e3o Diagn\u00f3stica de Ci\u00eancias e Biologia realizada de 30\/01 a 02\/02 \u2705 Atividade realizada em grupo para revisitar todos os conte\u00fados trabalhados em 2023. Cada grupo abordou uma unidade tem\u00e1tica, elencando os pontos principais. Ap\u00f3s esse momento, apresentaram para o restante da sala os t\u00f3picos abordados, que foram complementados pela professora quando necess\u00e1rio. Os&#8230;<\/p>\n","protected":false},"author":2,"featured_media":30206,"comment_status":"closed","ping_status":"closed","sticky":false,"template":"","format":"standard","meta":{"_monsterinsights_skip_tracking":false,"_monsterinsights_sitenote_active":false,"_monsterinsights_sitenote_note":"","_monsterinsights_sitenote_category":0,"ngg_post_thumbnail":0,"footnotes":""},"categories":[110,90,91,82],"tags":[],"class_list":["post-30194","post","type-post","status-publish","format-standard","has-post-thumbnail","hentry","category-noticias2024","category-ens-fund_ii","category-ens-medio","category-noticias"],"_links":{"self":[{"href":"https:\/\/redebeneditina.org.br\/ispx\/wp-json\/wp\/v2\/posts\/30194","targetHints":{"allow":["GET"]}}],"collection":[{"href":"https:\/\/redebeneditina.org.br\/ispx\/wp-json\/wp\/v2\/posts"}],"about":[{"href":"https:\/\/redebeneditina.org.br\/ispx\/wp-json\/wp\/v2\/types\/post"}],"author":[{"embeddable":true,"href":"https:\/\/redebeneditina.org.br\/ispx\/wp-json\/wp\/v2\/users\/2"}],"replies":[{"embeddable":true,"href":"https:\/\/redebeneditina.org.br\/ispx\/wp-json\/wp\/v2\/comments?post=30194"}],"version-history":[{"count":0,"href":"https:\/\/redebeneditina.org.br\/ispx\/wp-json\/wp\/v2\/posts\/30194\/revisions"}],"wp:featuredmedia":[{"embeddable":true,"href":"https:\/\/redebeneditina.org.br\/ispx\/wp-json\/wp\/v2\/media\/30206"}],"wp:attachment":[{"href":"https:\/\/redebeneditina.org.br\/ispx\/wp-json\/wp\/v2\/media?parent=30194"}],"wp:term":[{"taxonomy":"category","embeddable":true,"href":"https:\/\/redebeneditina.org.br\/ispx\/wp-json\/wp\/v2\/categories?post=30194"},{"taxonomy":"post_tag","embeddable":true,"href":"https:\/\/redebeneditina.org.br\/ispx\/wp-json\/wp\/v2\/tags?post=30194"}],"curies":[{"name":"wp","href":"https:\/\/api.w.org\/{rel}","templated":true}]}}