{"id":30356,"date":"2024-03-04T18:26:28","date_gmt":"2024-03-04T21:26:28","guid":{"rendered":"https:\/\/redebeneditina.org.br\/ispx\/?p=30356"},"modified":"2024-03-07T18:39:16","modified_gmt":"2024-03-07T21:39:16","slug":"campanha-da-fraternidade-2024","status":"publish","type":"post","link":"https:\/\/redebeneditina.org.br\/ispx\/campanha-da-fraternidade-2024\/","title":{"rendered":"Campanha da Fraternidade 2024"},"content":{"rendered":"<p>Dia 28\/02, tivemos a apresenta\u00e7\u00e3o da Campanha da Fraternidade deste ano para as turmas do Fundamental I e II, com o tema &#8220;Fraternidade e Amizade Social&#8221; e lema &#8220;V\u00f3s sois todos irm\u00e3os e irm\u00e3s&#8221;.<\/p>\n<p>Contamos com a participa\u00e7\u00e3o de muitos alunos durante a apresenta\u00e7\u00e3o, proporcionando um momento muito enriquecedor. Ao final, realizamos a acolhida dos novos alunos.<\/p>\n<p>Link da acolhida: <a href=\"https:\/\/www.instagram.com\/p\/C38fcwRIeRQ\/\">https:\/\/www.instagram.com\/p\/C38fcwRIeRQ\/<\/a><\/p>\nngg_shortcode_0_placeholder\n","protected":false},"excerpt":{"rendered":"<p>Dia 28\/02, tivemos a apresenta\u00e7\u00e3o da Campanha da Fraternidade deste ano para as turmas do Fundamental I e II, com o tema &#8220;Fraternidade e Amizade Social&#8221; e lema &#8220;V\u00f3s sois todos irm\u00e3os e irm\u00e3s&#8221;. Contamos com a participa\u00e7\u00e3o de muitos alunos durante a apresenta\u00e7\u00e3o, proporcionando um momento muito enriquecedor. Ao final, realizamos a acolhida dos&#8230;<\/p>\n","protected":false},"author":2,"featured_media":30357,"comment_status":"closed","ping_status":"closed","sticky":false,"template":"","format":"standard","meta":{"_monsterinsights_skip_tracking":false,"_monsterinsights_sitenote_active":false,"_monsterinsights_sitenote_note":"","_monsterinsights_sitenote_category":0,"ngg_post_thumbnail":0,"footnotes":""},"categories":[110,89,90,82,96],"tags":[],"class_list":["post-30356","post","type-post","status-publish","format-standard","has-post-thumbnail","hentry","category-noticias2024","category-ens-fund_i","category-ens-fund_ii","category-noticias","category-pastoral-escolar"],"_links":{"self":[{"href":"https:\/\/redebeneditina.org.br\/ispx\/wp-json\/wp\/v2\/posts\/30356","targetHints":{"allow":["GET"]}}],"collection":[{"href":"https:\/\/redebeneditina.org.br\/ispx\/wp-json\/wp\/v2\/posts"}],"about":[{"href":"https:\/\/redebeneditina.org.br\/ispx\/wp-json\/wp\/v2\/types\/post"}],"author":[{"embeddable":true,"href":"https:\/\/redebeneditina.org.br\/ispx\/wp-json\/wp\/v2\/users\/2"}],"replies":[{"embeddable":true,"href":"https:\/\/redebeneditina.org.br\/ispx\/wp-json\/wp\/v2\/comments?post=30356"}],"version-history":[{"count":0,"href":"https:\/\/redebeneditina.org.br\/ispx\/wp-json\/wp\/v2\/posts\/30356\/revisions"}],"wp:featuredmedia":[{"embeddable":true,"href":"https:\/\/redebeneditina.org.br\/ispx\/wp-json\/wp\/v2\/media\/30357"}],"wp:attachment":[{"href":"https:\/\/redebeneditina.org.br\/ispx\/wp-json\/wp\/v2\/media?parent=30356"}],"wp:term":[{"taxonomy":"category","embeddable":true,"href":"https:\/\/redebeneditina.org.br\/ispx\/wp-json\/wp\/v2\/categories?post=30356"},{"taxonomy":"post_tag","embeddable":true,"href":"https:\/\/redebeneditina.org.br\/ispx\/wp-json\/wp\/v2\/tags?post=30356"}],"curies":[{"name":"wp","href":"https:\/\/api.w.org\/{rel}","templated":true}]}}