{"id":31356,"date":"2024-04-05T16:50:34","date_gmt":"2024-04-05T19:50:34","guid":{"rendered":"https:\/\/redebeneditina.org.br\/ispx\/?p=31356"},"modified":"2024-04-05T16:50:34","modified_gmt":"2024-04-05T19:50:34","slug":"geometria-6o-ano-b","status":"publish","type":"post","link":"https:\/\/redebeneditina.org.br\/ispx\/geometria-6o-ano-b\/","title":{"rendered":"Geometria &#8211; 6\u00ba ano B"},"content":{"rendered":"<p>Geometria e o Google Maps??? \ud83d\ude32\ud83d\ude32<\/p>\n<p>Siiiiiiimmm \ud83d\ude05\ud83d\ude05<\/p>\n<p>Durante as aulas de Geometria, os alunos do 6\u00ba ano B aprenderam sobre retas paralelas, concorrentes e perpendiculares. Com o aux\u00edlio do Google Maps, puderam verificar, atrav\u00e9s de imagens de sat\u00e9lite, ruas em seu bairro que apresentassem essas caracter\u00edsticas geom\u00e9tricas.<\/p>\n<p>Uma forma l\u00fadica de tornar o abstrato tang\u00edvel.<\/p>\nngg_shortcode_0_placeholder\n","protected":false},"excerpt":{"rendered":"<p>Geometria e o Google Maps??? \ud83d\ude32\ud83d\ude32 Siiiiiiimmm \ud83d\ude05\ud83d\ude05 Durante as aulas de Geometria, os alunos do 6\u00ba ano B aprenderam sobre retas paralelas, concorrentes e perpendiculares. Com o aux\u00edlio do Google Maps, puderam verificar, atrav\u00e9s de imagens de sat\u00e9lite, ruas em seu bairro que apresentassem essas caracter\u00edsticas geom\u00e9tricas. Uma forma l\u00fadica de tornar o abstrato&#8230;<\/p>\n","protected":false},"author":2,"featured_media":31357,"comment_status":"closed","ping_status":"closed","sticky":false,"template":"","format":"standard","meta":{"_monsterinsights_skip_tracking":false,"_monsterinsights_sitenote_active":false,"_monsterinsights_sitenote_note":"","_monsterinsights_sitenote_category":0,"ngg_post_thumbnail":0,"footnotes":""},"categories":[110,90,82],"tags":[],"class_list":["post-31356","post","type-post","status-publish","format-standard","has-post-thumbnail","hentry","category-noticias2024","category-ens-fund_ii","category-noticias"],"_links":{"self":[{"href":"https:\/\/redebeneditina.org.br\/ispx\/wp-json\/wp\/v2\/posts\/31356","targetHints":{"allow":["GET"]}}],"collection":[{"href":"https:\/\/redebeneditina.org.br\/ispx\/wp-json\/wp\/v2\/posts"}],"about":[{"href":"https:\/\/redebeneditina.org.br\/ispx\/wp-json\/wp\/v2\/types\/post"}],"author":[{"embeddable":true,"href":"https:\/\/redebeneditina.org.br\/ispx\/wp-json\/wp\/v2\/users\/2"}],"replies":[{"embeddable":true,"href":"https:\/\/redebeneditina.org.br\/ispx\/wp-json\/wp\/v2\/comments?post=31356"}],"version-history":[{"count":0,"href":"https:\/\/redebeneditina.org.br\/ispx\/wp-json\/wp\/v2\/posts\/31356\/revisions"}],"wp:featuredmedia":[{"embeddable":true,"href":"https:\/\/redebeneditina.org.br\/ispx\/wp-json\/wp\/v2\/media\/31357"}],"wp:attachment":[{"href":"https:\/\/redebeneditina.org.br\/ispx\/wp-json\/wp\/v2\/media?parent=31356"}],"wp:term":[{"taxonomy":"category","embeddable":true,"href":"https:\/\/redebeneditina.org.br\/ispx\/wp-json\/wp\/v2\/categories?post=31356"},{"taxonomy":"post_tag","embeddable":true,"href":"https:\/\/redebeneditina.org.br\/ispx\/wp-json\/wp\/v2\/tags?post=31356"}],"curies":[{"name":"wp","href":"https:\/\/api.w.org\/{rel}","templated":true}]}}